{"id":15363,"date":"2016-09-06T22:18:19","date_gmt":"2016-09-06T22:18:19","guid":{"rendered":""},"modified":"2016-09-06T22:18:19","modified_gmt":"2016-09-06T22:18:19","slug":"comibox-rinde-homenaje-al-periodista-moyo-icaza","status":"publish","type":"post","link":"https:\/\/sertv.gob.pa\/nacionalfm\/comibox-rinde-homenaje-al-periodista-moyo-icaza\/","title":{"rendered":"COMIBOX rinde homenaje al periodista \u201cMoyo\u201d Icaza"},"content":{"rendered":"<p>\nLa Comisi\u00f3n de Boxeo Profesional de Panam\u00e1 rinde homenaje al periodista, muy ligado al boxeo paname\u00f1o en las d\u00e9cadas del 70 y 80 del siglo pasado, Harmodio &ldquo;Moyo&rdquo; Icaza con la Medalla al M\u00e9rito Dr. El\u00edas C\u00f3rdoba, que se le otorga cada a\u00f1o a un personaje box\u00edstico por parte de la COMIBOX. <\/p>\n<p>La COMIBOX celebra sus 99 a\u00f1os de aniversario con una Cena de Gala, esto ser\u00e1 el 21 de septiembre en el Hotel Sheraton, a las 7: 00 de la noche. <\/p>\n<p>Harmodio Icaza recibe este reconocimiento por su trayectoria dentro del boxeo, tomando en consideraci\u00f3n que fue parte de la empresa box\u00edstica conjuntamente con su hermano Bol\u00edvar Icaza, ya desaparecido, Promociones Tony. <\/p>\n<p>Fue comentarista deportivo principalmente en el boxeo donde dirigi\u00f3 el programa &ldquo;La Esquina Caliente&rdquo; que se emit\u00eda por RPC Radio, y sus narraciones box\u00edsiticas fueron muy comentadas por famosas narraciones folkl\u00f3ricas. <\/p>\n<p>Cuando sus pupilos peleaban en Jap\u00f3n entre ellos Jaime &ldquo;El Cieguito&rdquo; R\u00edos y Alfonso &ldquo;Piedrita&rdquo; L\u00f3pez, se ubicaba cerca de la esquina de sus pupilos y dentro de sus narraciones les daba instrucciones a sus boxeadores, se recuerda mucho el &ldquo;Ultiminio, Ultiminio, Ultiminio&rdquo;, que significaba el \u00faltimo minuto, de cada asalto.\u00a0 \u00a0\u00a0 <\/p>\n","protected":false},"excerpt":{"rendered":"<p>La Comisi\u00f3n de Boxeo Profesional de Panam\u00e1 rinde homenaje al <a href=\"https:\/\/sertv.gob.pa\/nacionalfm\/comibox-rinde-homenaje-al-periodista-moyo-icaza\/\"> [&#8230;]<\/a><\/p>\n","protected":false},"author":1,"featured_media":15364,"comment_status":"closed","ping_status":"closed","sticky":false,"template":"","format":"standard","meta":{"footnotes":""},"categories":[4],"tags":[],"class_list":["post-15363","post","type-post","status-publish","format-standard","has-post-thumbnail","hentry","category-deportes"],"_links":{"self":[{"href":"https:\/\/sertv.gob.pa\/nacionalfm\/wp-json\/wp\/v2\/posts\/15363","targetHints":{"allow":["GET"]}}],"collection":[{"href":"https:\/\/sertv.gob.pa\/nacionalfm\/wp-json\/wp\/v2\/posts"}],"about":[{"href":"https:\/\/sertv.gob.pa\/nacionalfm\/wp-json\/wp\/v2\/types\/post"}],"author":[{"embeddable":true,"href":"https:\/\/sertv.gob.pa\/nacionalfm\/wp-json\/wp\/v2\/users\/1"}],"replies":[{"embeddable":true,"href":"https:\/\/sertv.gob.pa\/nacionalfm\/wp-json\/wp\/v2\/comments?post=15363"}],"version-history":[{"count":0,"href":"https:\/\/sertv.gob.pa\/nacionalfm\/wp-json\/wp\/v2\/posts\/15363\/revisions"}],"wp:featuredmedia":[{"embeddable":true,"href":"https:\/\/sertv.gob.pa\/nacionalfm\/wp-json\/wp\/v2\/media\/15364"}],"wp:attachment":[{"href":"https:\/\/sertv.gob.pa\/nacionalfm\/wp-json\/wp\/v2\/media?parent=15363"}],"wp:term":[{"taxonomy":"category","embeddable":true,"href":"https:\/\/sertv.gob.pa\/nacionalfm\/wp-json\/wp\/v2\/categories?post=15363"},{"taxonomy":"post_tag","embeddable":true,"href":"https:\/\/sertv.gob.pa\/nacionalfm\/wp-json\/wp\/v2\/tags?post=15363"}],"curies":[{"name":"wp","href":"https:\/\/api.w.org\/{rel}","templated":true}]}}