{"id":15369,"date":"2016-09-07T16:27:46","date_gmt":"2016-09-07T16:27:46","guid":{"rendered":""},"modified":"2016-09-07T16:27:46","modified_gmt":"2016-09-07T16:27:46","slug":"gira-preventiva-de-salud-realizan-en-comunidades-indigenas","status":"publish","type":"post","link":"https:\/\/sertv.gob.pa\/nacionalfm\/gira-preventiva-de-salud-realizan-en-comunidades-indigenas\/","title":{"rendered":"Gira preventiva de salud realizan en comunidades ind\u00edgenas"},"content":{"rendered":"<p>\nTres comunidades habitadas por grupos ind\u00edgenas ember\u00e1 fueron atendidas por la Regi\u00f3n de Salud de la provincia de Col\u00f3n, mediante una gira de atenci\u00f3n promocional y preventiva de salud. <\/p>\n<p>Maya N\u00e1valo, jefa regional del Minsa en esta provincia, expres\u00f3 que fueron atendidos 117 habitantes, quienes residen en unas 35 viviendas unifamiliares, ubicadas en comunidades como Ella Puru, San Antonio y Catuma en el \u00e1rea de Gamboa, corregimiento de Crist\u00f3bal. <\/p>\n<p>Detall\u00f3 que en lo que respecta a atenci\u00f3n m\u00e9dica y farmacia, se atendi\u00f3 a 70 personas; toma de muestras sangu\u00edneas por fiebre, 7 personas; 68 por ex\u00e1menes de laboratorio y 62 consultas odontol\u00f3gicas; adem\u00e1s se vacun\u00f3 a 52 personas y se dio orientaci\u00f3n a unas 68 residentes en promoci\u00f3n de la salud. <\/p>\n<p>. <\/p>\n","protected":false},"excerpt":{"rendered":"<p>Tres comunidades habitadas por grupos ind\u00edgenas ember\u00e1 fueron atendidas por <a href=\"https:\/\/sertv.gob.pa\/nacionalfm\/gira-preventiva-de-salud-realizan-en-comunidades-indigenas\/\"> [&#8230;]<\/a><\/p>\n","protected":false},"author":1,"featured_media":15370,"comment_status":"closed","ping_status":"closed","sticky":false,"template":"","format":"standard","meta":{"footnotes":""},"categories":[5],"tags":[],"class_list":["post-15369","post","type-post","status-publish","format-standard","has-post-thumbnail","hentry","category-salud"],"_links":{"self":[{"href":"https:\/\/sertv.gob.pa\/nacionalfm\/wp-json\/wp\/v2\/posts\/15369","targetHints":{"allow":["GET"]}}],"collection":[{"href":"https:\/\/sertv.gob.pa\/nacionalfm\/wp-json\/wp\/v2\/posts"}],"about":[{"href":"https:\/\/sertv.gob.pa\/nacionalfm\/wp-json\/wp\/v2\/types\/post"}],"author":[{"embeddable":true,"href":"https:\/\/sertv.gob.pa\/nacionalfm\/wp-json\/wp\/v2\/users\/1"}],"replies":[{"embeddable":true,"href":"https:\/\/sertv.gob.pa\/nacionalfm\/wp-json\/wp\/v2\/comments?post=15369"}],"version-history":[{"count":0,"href":"https:\/\/sertv.gob.pa\/nacionalfm\/wp-json\/wp\/v2\/posts\/15369\/revisions"}],"wp:featuredmedia":[{"embeddable":true,"href":"https:\/\/sertv.gob.pa\/nacionalfm\/wp-json\/wp\/v2\/media\/15370"}],"wp:attachment":[{"href":"https:\/\/sertv.gob.pa\/nacionalfm\/wp-json\/wp\/v2\/media?parent=15369"}],"wp:term":[{"taxonomy":"category","embeddable":true,"href":"https:\/\/sertv.gob.pa\/nacionalfm\/wp-json\/wp\/v2\/categories?post=15369"},{"taxonomy":"post_tag","embeddable":true,"href":"https:\/\/sertv.gob.pa\/nacionalfm\/wp-json\/wp\/v2\/tags?post=15369"}],"curies":[{"name":"wp","href":"https:\/\/api.w.org\/{rel}","templated":true}]}}