{"id":15371,"date":"2016-09-07T16:46:00","date_gmt":"2016-09-07T16:46:00","guid":{"rendered":""},"modified":"2016-09-07T16:46:00","modified_gmt":"2016-09-07T16:46:00","slug":"una-fecha-para-recordar-la-firma-de-los-tratados-torrijos-carter","status":"publish","type":"post","link":"https:\/\/sertv.gob.pa\/nacionalfm\/una-fecha-para-recordar-la-firma-de-los-tratados-torrijos-carter\/","title":{"rendered":"Una fecha para recordar: \u00abLa firma de los Tratados Torrijos-Carter\u00bb"},"content":{"rendered":"<p>\n  Como fecha conmemorativa, \u00e9ste mi\u00e9rcoles, se cumplen 39 a\u00f1os, de un hecho significativo: la firma de los Tratados Torrijos &#8211; Carter, realizada el 7 de septiembre de 1977, y que tuvo como protagonistas al General Omar Torrijos Herrera (jefe de Gobierno de Panam\u00e1), y Jimmy Carter (presidente de los Estados Unidos de Am\u00e9rica). Esta gesti\u00f3n, se efectu\u00f3 en Washington D.C., en las oficinas de la O.E.A, con la presencia de varios presidentes de Iberoam\u00e9rica, quienes fueron testigos de la magna cita.    <\/p>\n<p>  Este suceso sin duda alguna marc\u00f3 la vida de los paname\u00f1os (as), ya que el mismo les facult\u00f3 tener control del Canal y de las \u00e1reas revertidas.    <\/p>\n<p>  Con este legado, se puso fin a la presencia de los norteamericanos en Panam\u00e1, despu\u00e9s de aproximadamente 96 a\u00f1os de estar aqu\u00ed, y ser part\u00edcipes de una serie de sucesos determinantes\u00a0 en la historia de Panam\u00e1, tales como el de 1964, en donde estudiantes del Instituto Nacional, reclamaron su territorio, originando con esto una serie de enfrentamientos, que afectaron\u00a0 la relaci\u00f3n con Estados Unidos.   <\/p>\n<p>  Posteriormente, se buscaron a trav\u00e9s de los a\u00f1os, nuevos mecanismos para mejorar estas relaciones, y tras varios intentos, surgen los Tratados, que despu\u00e9s de su firma, el 7 de septiembre de 1977, fueron ratificados por plebiscito en Panam\u00e1 el 23 de octubre, de 1977. De igual modo, \u00a0y a pesar de tener oposici\u00f3n fueron aprobados por el Senado de los EE.UU. en abril siguiente.   <\/p>\n<p>  Los Tratados Torrijos-Carter, que compromet\u00edan a que ambos pa\u00edses acordaran en forma amistosa y cooperativa el proveer de una buena administraci\u00f3n, operaci\u00f3n y mantenimiento adecuado a tal obra de ingenier\u00eda, est\u00e1n compuestos por:   <\/p>\n<p>  El\u00a0Tratado Torrijos-Carter\u00a0que consta de un pre\u00e1mbulo, catorce art\u00edculos, un anexo y un acta; y   <\/p>\n<p>  el\u00a0Tratado Concerniente a la Neutralidad Permanente y Funcionamiento del Canal de Panam\u00e1.   <\/p>\n<p>  En lo relativo a las disposiciones del tratado, estas se resumen en 4 grandes aspectos: Soberan\u00eda, Administraci\u00f3n del Canal, Defensa del Canal, y los Beneficios Econ\u00f3micos.   <\/p>\n<p>  El 1\u00b0 de octubre de 1979, la Zona del Canal dej\u00f3 de existir. El 14 de diciembre de 1999, Jimmy Carter firm\u00f3 la nota de transferencia del Canal y la entreg\u00f3 a la presidenta paname\u00f1a\u00a0 Mireya Moscoso .\u00a0La transferencia definitiva de soberan\u00eda a Panam\u00e1, se llev\u00f3 a cabo el\u00a031 de diciembre de ese mes, al mediod\u00eda.   <\/p>\n<p>  Es importante mencionar, que en la actualidad el Canal de Panam\u00e1 rinde grandes beneficios econ\u00f3micos, pues a ra\u00edz de su \u00a0ampliaci\u00f3n se genera mayor inter\u00e9s en esta v\u00eda interoce\u00e1nica, repercutiendo de manera positiva en el desarrollo de Panam\u00e1, ya que por su geograf\u00eda, este se convierte en un paso m\u00e1s viable para los miles y miles de barcos de distintas naciones que transitan por este pa\u00eds.   <\/p>\n","protected":false},"excerpt":{"rendered":"<p>Como fecha conmemorativa, \u00e9ste mi\u00e9rcoles, se cumplen 39 a\u00f1os, de <a href=\"https:\/\/sertv.gob.pa\/nacionalfm\/una-fecha-para-recordar-la-firma-de-los-tratados-torrijos-carter\/\"> [&#8230;]<\/a><\/p>\n","protected":false},"author":1,"featured_media":15372,"comment_status":"closed","ping_status":"closed","sticky":false,"template":"","format":"standard","meta":{"footnotes":""},"categories":[2],"tags":[],"class_list":["post-15371","post","type-post","status-publish","format-standard","has-post-thumbnail","hentry","category-nacionales"],"_links":{"self":[{"href":"https:\/\/sertv.gob.pa\/nacionalfm\/wp-json\/wp\/v2\/posts\/15371","targetHints":{"allow":["GET"]}}],"collection":[{"href":"https:\/\/sertv.gob.pa\/nacionalfm\/wp-json\/wp\/v2\/posts"}],"about":[{"href":"https:\/\/sertv.gob.pa\/nacionalfm\/wp-json\/wp\/v2\/types\/post"}],"author":[{"embeddable":true,"href":"https:\/\/sertv.gob.pa\/nacionalfm\/wp-json\/wp\/v2\/users\/1"}],"replies":[{"embeddable":true,"href":"https:\/\/sertv.gob.pa\/nacionalfm\/wp-json\/wp\/v2\/comments?post=15371"}],"version-history":[{"count":0,"href":"https:\/\/sertv.gob.pa\/nacionalfm\/wp-json\/wp\/v2\/posts\/15371\/revisions"}],"wp:featuredmedia":[{"embeddable":true,"href":"https:\/\/sertv.gob.pa\/nacionalfm\/wp-json\/wp\/v2\/media\/15372"}],"wp:attachment":[{"href":"https:\/\/sertv.gob.pa\/nacionalfm\/wp-json\/wp\/v2\/media?parent=15371"}],"wp:term":[{"taxonomy":"category","embeddable":true,"href":"https:\/\/sertv.gob.pa\/nacionalfm\/wp-json\/wp\/v2\/categories?post=15371"},{"taxonomy":"post_tag","embeddable":true,"href":"https:\/\/sertv.gob.pa\/nacionalfm\/wp-json\/wp\/v2\/tags?post=15371"}],"curies":[{"name":"wp","href":"https:\/\/api.w.org\/{rel}","templated":true}]}}