{"id":15375,"date":"2016-09-07T17:18:16","date_gmt":"2016-09-07T17:18:16","guid":{"rendered":""},"modified":"2016-09-07T17:18:16","modified_gmt":"2016-09-07T17:18:16","slug":"panama-pierde-3-1-ante-costa-rica-en-grupo-b-de-concacaf","status":"publish","type":"post","link":"https:\/\/sertv.gob.pa\/nacionalfm\/panama-pierde-3-1-ante-costa-rica-en-grupo-b-de-concacaf\/","title":{"rendered":"Panam\u00e1 pierde 3-1 ante Costa Rica en Grupo B de CONCACAF"},"content":{"rendered":"<p>\n Panam\u00e1 perdi\u00f3 3-1 ante Costa Rica en el Grupo B de CONCACAF en partido celebrado en el Estadio Nacional de San Jos\u00e9 de Costa Rica, y de esta manera pasa de segundo a la hexagonal.  <\/p>\n<p> Los goles por parte de Costa Rica fueron de Christian Bola\u00f1os con doblete a los 18 y 78 minutos y Ronald Matarr\u00eda al minuto 83, para pasar de primero a la hexagonal con etiqueta de invictos con 16 puntos.  <\/p>\n<p> El gol del descuento fue de Luis &ldquo;El Matador&rdquo; Tejada de penal al minuto 89 del partido.  <\/p>\n<p> El pr\u00f3ximo partido de Panam\u00e1 ser\u00e1 en el inicio de la hexagonal de visita ante Honduras el 11 de noviembre.  <\/p>\n","protected":false},"excerpt":{"rendered":"<p>Panam\u00e1 perdi\u00f3 3-1 ante Costa Rica en el Grupo B <a href=\"https:\/\/sertv.gob.pa\/nacionalfm\/panama-pierde-3-1-ante-costa-rica-en-grupo-b-de-concacaf\/\"> [&#8230;]<\/a><\/p>\n","protected":false},"author":1,"featured_media":15376,"comment_status":"closed","ping_status":"closed","sticky":false,"template":"","format":"standard","meta":{"footnotes":""},"categories":[4],"tags":[],"class_list":["post-15375","post","type-post","status-publish","format-standard","has-post-thumbnail","hentry","category-deportes"],"_links":{"self":[{"href":"https:\/\/sertv.gob.pa\/nacionalfm\/wp-json\/wp\/v2\/posts\/15375","targetHints":{"allow":["GET"]}}],"collection":[{"href":"https:\/\/sertv.gob.pa\/nacionalfm\/wp-json\/wp\/v2\/posts"}],"about":[{"href":"https:\/\/sertv.gob.pa\/nacionalfm\/wp-json\/wp\/v2\/types\/post"}],"author":[{"embeddable":true,"href":"https:\/\/sertv.gob.pa\/nacionalfm\/wp-json\/wp\/v2\/users\/1"}],"replies":[{"embeddable":true,"href":"https:\/\/sertv.gob.pa\/nacionalfm\/wp-json\/wp\/v2\/comments?post=15375"}],"version-history":[{"count":0,"href":"https:\/\/sertv.gob.pa\/nacionalfm\/wp-json\/wp\/v2\/posts\/15375\/revisions"}],"wp:featuredmedia":[{"embeddable":true,"href":"https:\/\/sertv.gob.pa\/nacionalfm\/wp-json\/wp\/v2\/media\/15376"}],"wp:attachment":[{"href":"https:\/\/sertv.gob.pa\/nacionalfm\/wp-json\/wp\/v2\/media?parent=15375"}],"wp:term":[{"taxonomy":"category","embeddable":true,"href":"https:\/\/sertv.gob.pa\/nacionalfm\/wp-json\/wp\/v2\/categories?post=15375"},{"taxonomy":"post_tag","embeddable":true,"href":"https:\/\/sertv.gob.pa\/nacionalfm\/wp-json\/wp\/v2\/tags?post=15375"}],"curies":[{"name":"wp","href":"https:\/\/api.w.org\/{rel}","templated":true}]}}