{"id":15423,"date":"2016-09-08T19:09:36","date_gmt":"2016-09-08T19:09:36","guid":{"rendered":""},"modified":"2016-09-08T19:09:36","modified_gmt":"2016-09-08T19:09:36","slug":"el-mosquito-culex-no-transmite-zika","status":"publish","type":"post","link":"https:\/\/sertv.gob.pa\/nacionalfm\/el-mosquito-culex-no-transmite-zika\/","title":{"rendered":"El mosquito Culex no transmite zika"},"content":{"rendered":"<p>\nUn grupo de investigadores brasile\u00f1os lleg\u00f3 a la conclusi\u00f3n de que el mosquito  Culex  com\u00fan no est\u00e1 transmitiendo el  zika , el virus que ha sido vinculado con graves defectos cong\u00e9nitos, se inform\u00f3 el martes. <\/p>\n<p>El instituto Fiocruz de R\u00edo de Janeiro report\u00f3 que el mosquito  Culex quinquefasciatus  no ha desempe\u00f1ado un papel en la epidemia de zika que ha golpeado a Brasil a lo largo del \u00faltimo a\u00f1o. <\/p>\n<p>El Culex es 20 veces m\u00e1s com\u00fan que el mosquito  Aedes aegypti , el principal transmisor del zika. El Aedes tambi\u00e9n transmite  dengue y chikungunya . <\/p>\n<p>Para el estudio, los investigadores alimentaron a varios cientos de mosquitos de cuatro \u00e1reas de R\u00edo con sangre infectada con zika. <\/p>\n<p>S\u00f3lo dos mostraron una infecci\u00f3n temprana 14 d\u00edas despu\u00e9s, y el virus no fue detectado en sus cabezas ni en su saliva. <\/p>\n<p>El reporte se presenta meses despu\u00e9s de que el mismo instituto publicara un estudio en julio pasado, pero por investigadores en la ciudad nororiental de Recife, en el que se conclu\u00eda que el Culex podr\u00eda ser transmisor del virus. <\/p>\n<p>Los expertos indicaron en ese momento que se necesitaban m\u00e1s estudios para determinar de forma definitiva si el Culex podr\u00eda propagar el zika. <\/p>\n<p>Una posibilidad en la discrepancia entre ambos estudios es que los mosquitos Culex de Recife podr\u00edan tener una variaci\u00f3n gen\u00e9tica que los diferencia de los de R\u00edo y otras partes del mundo, coment\u00f3 el instituto Fiocruz. <\/p>\n<p>Los estudios en otros pa\u00edses han se\u00f1alado que el Culex podr\u00eda  no ser eficaz en la transmisi\u00f3n  del zika. <\/p>\n<p>\u00a0 <\/p>\n","protected":false},"excerpt":{"rendered":"<p>Un grupo de investigadores brasile\u00f1os lleg\u00f3 a la conclusi\u00f3n de <a href=\"https:\/\/sertv.gob.pa\/nacionalfm\/el-mosquito-culex-no-transmite-zika\/\"> [&#8230;]<\/a><\/p>\n","protected":false},"author":1,"featured_media":15424,"comment_status":"closed","ping_status":"closed","sticky":false,"template":"","format":"standard","meta":{"footnotes":""},"categories":[5],"tags":[],"class_list":["post-15423","post","type-post","status-publish","format-standard","has-post-thumbnail","hentry","category-salud"],"_links":{"self":[{"href":"https:\/\/sertv.gob.pa\/nacionalfm\/wp-json\/wp\/v2\/posts\/15423","targetHints":{"allow":["GET"]}}],"collection":[{"href":"https:\/\/sertv.gob.pa\/nacionalfm\/wp-json\/wp\/v2\/posts"}],"about":[{"href":"https:\/\/sertv.gob.pa\/nacionalfm\/wp-json\/wp\/v2\/types\/post"}],"author":[{"embeddable":true,"href":"https:\/\/sertv.gob.pa\/nacionalfm\/wp-json\/wp\/v2\/users\/1"}],"replies":[{"embeddable":true,"href":"https:\/\/sertv.gob.pa\/nacionalfm\/wp-json\/wp\/v2\/comments?post=15423"}],"version-history":[{"count":0,"href":"https:\/\/sertv.gob.pa\/nacionalfm\/wp-json\/wp\/v2\/posts\/15423\/revisions"}],"wp:featuredmedia":[{"embeddable":true,"href":"https:\/\/sertv.gob.pa\/nacionalfm\/wp-json\/wp\/v2\/media\/15424"}],"wp:attachment":[{"href":"https:\/\/sertv.gob.pa\/nacionalfm\/wp-json\/wp\/v2\/media?parent=15423"}],"wp:term":[{"taxonomy":"category","embeddable":true,"href":"https:\/\/sertv.gob.pa\/nacionalfm\/wp-json\/wp\/v2\/categories?post=15423"},{"taxonomy":"post_tag","embeddable":true,"href":"https:\/\/sertv.gob.pa\/nacionalfm\/wp-json\/wp\/v2\/tags?post=15423"}],"curies":[{"name":"wp","href":"https:\/\/api.w.org\/{rel}","templated":true}]}}