{"id":15435,"date":"2016-09-09T16:13:14","date_gmt":"2016-09-09T16:13:14","guid":{"rendered":""},"modified":"2016-09-09T16:13:14","modified_gmt":"2016-09-09T16:13:14","slug":"en-el-hospital-del-nino-suspenden-operaciones-electivas","status":"publish","type":"post","link":"https:\/\/sertv.gob.pa\/nacionalfm\/en-el-hospital-del-nino-suspenden-operaciones-electivas\/","title":{"rendered":"En el Hospital del Ni\u00f1o suspenden operaciones electivas"},"content":{"rendered":"<p>\n El Hospital del Ni\u00f1o \u00a0dio a conocer ayer jueves 8 de septiembre que se decidi\u00f3  suspender las cirug\u00edas electivas  y las que ya estaban en agenda ser\u00e1n reprogramadas. <\/p>\n<p>La anterior informaci\u00f3n fue difundida a trav\u00e9s de un comunicado del Hospital del Ni\u00f1o, que manifest\u00f3 que la suspensi\u00f3n se debe a un aumento en los casos de infecciones respiratorias graves entre la poblaci\u00f3n infantil que atiende. <\/p>\n<p>En un punto del comunicado se enfatiza que esa suspensi\u00f3n de las operaciones es de manera temporal, pero no especifica su extensi\u00f3n. <\/p>\n<p>De acuerdo con la administraci\u00f3n del centro m\u00e9dico, esa medida contribuir\u00e1 a &ldquo;darles una mejor atenci\u00f3n a los pacientes de cuidado y evitar que se propaguen las infecciones&rdquo;. <\/p>\n<p>\u00a0 <\/p>\n","protected":false},"excerpt":{"rendered":"<p>El Hospital del Ni\u00f1o \u00a0dio a conocer ayer jueves 8 <a href=\"https:\/\/sertv.gob.pa\/nacionalfm\/en-el-hospital-del-nino-suspenden-operaciones-electivas\/\"> [&#8230;]<\/a><\/p>\n","protected":false},"author":1,"featured_media":15436,"comment_status":"closed","ping_status":"closed","sticky":false,"template":"","format":"standard","meta":{"footnotes":""},"categories":[5],"tags":[],"class_list":["post-15435","post","type-post","status-publish","format-standard","has-post-thumbnail","hentry","category-salud"],"_links":{"self":[{"href":"https:\/\/sertv.gob.pa\/nacionalfm\/wp-json\/wp\/v2\/posts\/15435","targetHints":{"allow":["GET"]}}],"collection":[{"href":"https:\/\/sertv.gob.pa\/nacionalfm\/wp-json\/wp\/v2\/posts"}],"about":[{"href":"https:\/\/sertv.gob.pa\/nacionalfm\/wp-json\/wp\/v2\/types\/post"}],"author":[{"embeddable":true,"href":"https:\/\/sertv.gob.pa\/nacionalfm\/wp-json\/wp\/v2\/users\/1"}],"replies":[{"embeddable":true,"href":"https:\/\/sertv.gob.pa\/nacionalfm\/wp-json\/wp\/v2\/comments?post=15435"}],"version-history":[{"count":0,"href":"https:\/\/sertv.gob.pa\/nacionalfm\/wp-json\/wp\/v2\/posts\/15435\/revisions"}],"wp:featuredmedia":[{"embeddable":true,"href":"https:\/\/sertv.gob.pa\/nacionalfm\/wp-json\/wp\/v2\/media\/15436"}],"wp:attachment":[{"href":"https:\/\/sertv.gob.pa\/nacionalfm\/wp-json\/wp\/v2\/media?parent=15435"}],"wp:term":[{"taxonomy":"category","embeddable":true,"href":"https:\/\/sertv.gob.pa\/nacionalfm\/wp-json\/wp\/v2\/categories?post=15435"},{"taxonomy":"post_tag","embeddable":true,"href":"https:\/\/sertv.gob.pa\/nacionalfm\/wp-json\/wp\/v2\/tags?post=15435"}],"curies":[{"name":"wp","href":"https:\/\/api.w.org\/{rel}","templated":true}]}}