{"id":15437,"date":"2016-09-09T16:20:03","date_gmt":"2016-09-09T16:20:03","guid":{"rendered":""},"modified":"2016-09-09T16:20:03","modified_gmt":"2016-09-09T16:20:03","slug":"fallece-bebe-con-microcefalia-ocasionado-por-el-virus-zika","status":"publish","type":"post","link":"https:\/\/sertv.gob.pa\/nacionalfm\/fallece-bebe-con-microcefalia-ocasionado-por-el-virus-zika\/","title":{"rendered":"Fallece beb\u00e9 con microcefalia ocasionado por el virus zika"},"content":{"rendered":"<p>\nEl deceso de un menor con microcefalia fue confirmado en la \u00a0tarde de ayer por las autoridades del  Ministerio de Salud (Minsa) \u00a0y del Instituto Conmemorativo Gorgas de Estudios de la Salud (Icges). <\/p>\n<p>De acuerdo con N\u00e9stor Sosa, director del Icges, el infante naci\u00f3 y muri\u00f3 el jueves. La madre proviene de Panam\u00e1 Oeste y no hab\u00eda presentado s\u00edntomas del  virus zika , pero luego hicieron pruebas al cord\u00f3n umbilical y dio positivo en  zika .\u00a0 <\/p>\n<p>El beb\u00e9 naci\u00f3 antes de los nueve meses y muri\u00f3 horas despu\u00e9s de haber nacido con microcefalia y otras complicaciones.\u00a0 <\/p>\n<p>La microcefalia es un defecto cong\u00e9nito en donde la cabeza del beb\u00e9 es m\u00e1s peque\u00f1a de lo normal\u00a0en comparaci\u00f3n con la de los beb\u00e9s de la misma edad y sexo. Recientemente se le ha asociado al  virus del zika, \u00a0despu\u00e9s de que se desatara la epidemia mundial. <\/p>\n<p>Ya para inicios del mes de marzo, el ministro de Salud, Francisco Javier Terrientes, hab\u00eda informado de tres mujeres embarazadas que hab\u00edan adquirido el virus del zika dos en la comarca Guna Yala y una en la provincia de Panam\u00e1. <\/p>\n<p>\u00a0 <\/p>\n","protected":false},"excerpt":{"rendered":"<p>El deceso de un menor con microcefalia fue confirmado en <a href=\"https:\/\/sertv.gob.pa\/nacionalfm\/fallece-bebe-con-microcefalia-ocasionado-por-el-virus-zika\/\"> [&#8230;]<\/a><\/p>\n","protected":false},"author":1,"featured_media":15438,"comment_status":"closed","ping_status":"closed","sticky":false,"template":"","format":"standard","meta":{"footnotes":""},"categories":[5],"tags":[],"class_list":["post-15437","post","type-post","status-publish","format-standard","has-post-thumbnail","hentry","category-salud"],"_links":{"self":[{"href":"https:\/\/sertv.gob.pa\/nacionalfm\/wp-json\/wp\/v2\/posts\/15437","targetHints":{"allow":["GET"]}}],"collection":[{"href":"https:\/\/sertv.gob.pa\/nacionalfm\/wp-json\/wp\/v2\/posts"}],"about":[{"href":"https:\/\/sertv.gob.pa\/nacionalfm\/wp-json\/wp\/v2\/types\/post"}],"author":[{"embeddable":true,"href":"https:\/\/sertv.gob.pa\/nacionalfm\/wp-json\/wp\/v2\/users\/1"}],"replies":[{"embeddable":true,"href":"https:\/\/sertv.gob.pa\/nacionalfm\/wp-json\/wp\/v2\/comments?post=15437"}],"version-history":[{"count":0,"href":"https:\/\/sertv.gob.pa\/nacionalfm\/wp-json\/wp\/v2\/posts\/15437\/revisions"}],"wp:featuredmedia":[{"embeddable":true,"href":"https:\/\/sertv.gob.pa\/nacionalfm\/wp-json\/wp\/v2\/media\/15438"}],"wp:attachment":[{"href":"https:\/\/sertv.gob.pa\/nacionalfm\/wp-json\/wp\/v2\/media?parent=15437"}],"wp:term":[{"taxonomy":"category","embeddable":true,"href":"https:\/\/sertv.gob.pa\/nacionalfm\/wp-json\/wp\/v2\/categories?post=15437"},{"taxonomy":"post_tag","embeddable":true,"href":"https:\/\/sertv.gob.pa\/nacionalfm\/wp-json\/wp\/v2\/tags?post=15437"}],"curies":[{"name":"wp","href":"https:\/\/api.w.org\/{rel}","templated":true}]}}