{"id":15453,"date":"2016-09-09T20:34:48","date_gmt":"2016-09-09T20:34:48","guid":{"rendered":""},"modified":"2016-09-09T20:34:48","modified_gmt":"2016-09-09T20:34:48","slug":"manana-en-la-usma-los-toros-ante-calle-p-en-la-lpb","status":"publish","type":"post","link":"https:\/\/sertv.gob.pa\/nacionalfm\/manana-en-la-usma-los-toros-ante-calle-p-en-la-lpb\/","title":{"rendered":"Ma\u00f1ana en la USMA los Toros ante Calle P en la LPB"},"content":{"rendered":"<p>\nLa Liga Profesional de Baloncesto se pondr\u00e1 en marcha ma\u00f1ana, s\u00e1bado en su s\u00e9ptima fecha de partidos en el gimnasio de la Universidad Santa Mar\u00eda, desde las 7 de la noche. <\/p>\n<p>En el primer partido los Halcones de Calle P y los Toros de Chiriqu\u00ed se enfrentan, mientras que en el juego de fondo aproximadamente a las 9 de la noche lo har\u00e1n las Panteras de Parque Lefevre ante los campeones defensores, Correcaminos de Col\u00f3n. <\/p>\n<p>Para el domingo se bajar\u00e1 el tel\u00f3n de la s\u00e9ptima jornada con el partido entre \u00c1guilas y Caballos, quintetos que vienen de tropiezos ante Panteras y Halcones, respectivamente, en la pasada jornada. <\/p>\n<p>El tope entre R\u00edo Abajo y Cocl\u00e9 debe iniciar a las 5:00 p.m. y para ambos d\u00edas, s\u00e1bado y domingo, la entrada general solo costar\u00e1 cinco d\u00f3lares (B\/.5.00) para presenciar baloncesto de nivel. <\/p>\n","protected":false},"excerpt":{"rendered":"<p>La Liga Profesional de Baloncesto se pondr\u00e1 en marcha ma\u00f1ana, <a href=\"https:\/\/sertv.gob.pa\/nacionalfm\/manana-en-la-usma-los-toros-ante-calle-p-en-la-lpb\/\"> [&#8230;]<\/a><\/p>\n","protected":false},"author":1,"featured_media":15454,"comment_status":"closed","ping_status":"closed","sticky":false,"template":"","format":"standard","meta":{"footnotes":""},"categories":[4],"tags":[],"class_list":["post-15453","post","type-post","status-publish","format-standard","has-post-thumbnail","hentry","category-deportes"],"_links":{"self":[{"href":"https:\/\/sertv.gob.pa\/nacionalfm\/wp-json\/wp\/v2\/posts\/15453","targetHints":{"allow":["GET"]}}],"collection":[{"href":"https:\/\/sertv.gob.pa\/nacionalfm\/wp-json\/wp\/v2\/posts"}],"about":[{"href":"https:\/\/sertv.gob.pa\/nacionalfm\/wp-json\/wp\/v2\/types\/post"}],"author":[{"embeddable":true,"href":"https:\/\/sertv.gob.pa\/nacionalfm\/wp-json\/wp\/v2\/users\/1"}],"replies":[{"embeddable":true,"href":"https:\/\/sertv.gob.pa\/nacionalfm\/wp-json\/wp\/v2\/comments?post=15453"}],"version-history":[{"count":0,"href":"https:\/\/sertv.gob.pa\/nacionalfm\/wp-json\/wp\/v2\/posts\/15453\/revisions"}],"wp:featuredmedia":[{"embeddable":true,"href":"https:\/\/sertv.gob.pa\/nacionalfm\/wp-json\/wp\/v2\/media\/15454"}],"wp:attachment":[{"href":"https:\/\/sertv.gob.pa\/nacionalfm\/wp-json\/wp\/v2\/media?parent=15453"}],"wp:term":[{"taxonomy":"category","embeddable":true,"href":"https:\/\/sertv.gob.pa\/nacionalfm\/wp-json\/wp\/v2\/categories?post=15453"},{"taxonomy":"post_tag","embeddable":true,"href":"https:\/\/sertv.gob.pa\/nacionalfm\/wp-json\/wp\/v2\/tags?post=15453"}],"curies":[{"name":"wp","href":"https:\/\/api.w.org\/{rel}","templated":true}]}}