{"id":15469,"date":"2016-09-12T15:05:51","date_gmt":"2016-09-12T15:05:51","guid":{"rendered":""},"modified":"2016-09-12T15:05:51","modified_gmt":"2016-09-12T15:05:51","slug":"caballos-de-cocle-logran-segunda-victoria-en-la-lpb","status":"publish","type":"post","link":"https:\/\/sertv.gob.pa\/nacionalfm\/caballos-de-cocle-logran-segunda-victoria-en-la-lpb\/","title":{"rendered":"Caballos de Cocl\u00e9 logran segunda victoria en la LPB"},"content":{"rendered":"<p>\nLos Caballos de Cocl\u00e9 lograron su segunda victoria en la Liga Profesional de Baloncesto ante el quinteto de las \u00c1guilas de R\u00edo Abajo, guiados por Anell Alexis y su nuevo refuerzo extranjero Trevon Moss, por tablero de 80 por 75. <\/p>\n<p>Alexis anot\u00f3 21 puntos y Moss 18 con seis rebotes, para ayudar a los Caballos a poner fin a dos derrotas seguidas y dejar su r\u00e9cord de triunfos y reveses en 2-5. C.J. Rodr\u00edguez encest\u00f3 14 unidades y Joel Tesis 10. <\/p>\n<p>Cocl\u00e9 inici\u00f3 la temporada de la LPB 2016 con tres derrotas en fila, luego gan\u00f3 en la cuarta fecha, pero despu\u00e9s volvi\u00f3 a caer por jornadas consecutivas y ahora se reencontr\u00f3 con el triunfo. <\/p>\n<p>Por R\u00edo Abajo (3-4) destacaron en el ataque Josimar Ayarza con 25 tantos, Nathaniel Butler con 18 y Jonathan King con 15. <\/p>\n","protected":false},"excerpt":{"rendered":"<p>Los Caballos de Cocl\u00e9 lograron su segunda victoria en la <a href=\"https:\/\/sertv.gob.pa\/nacionalfm\/caballos-de-cocle-logran-segunda-victoria-en-la-lpb\/\"> [&#8230;]<\/a><\/p>\n","protected":false},"author":1,"featured_media":15470,"comment_status":"closed","ping_status":"closed","sticky":false,"template":"","format":"standard","meta":{"footnotes":""},"categories":[4],"tags":[],"class_list":["post-15469","post","type-post","status-publish","format-standard","has-post-thumbnail","hentry","category-deportes"],"_links":{"self":[{"href":"https:\/\/sertv.gob.pa\/nacionalfm\/wp-json\/wp\/v2\/posts\/15469","targetHints":{"allow":["GET"]}}],"collection":[{"href":"https:\/\/sertv.gob.pa\/nacionalfm\/wp-json\/wp\/v2\/posts"}],"about":[{"href":"https:\/\/sertv.gob.pa\/nacionalfm\/wp-json\/wp\/v2\/types\/post"}],"author":[{"embeddable":true,"href":"https:\/\/sertv.gob.pa\/nacionalfm\/wp-json\/wp\/v2\/users\/1"}],"replies":[{"embeddable":true,"href":"https:\/\/sertv.gob.pa\/nacionalfm\/wp-json\/wp\/v2\/comments?post=15469"}],"version-history":[{"count":0,"href":"https:\/\/sertv.gob.pa\/nacionalfm\/wp-json\/wp\/v2\/posts\/15469\/revisions"}],"wp:featuredmedia":[{"embeddable":true,"href":"https:\/\/sertv.gob.pa\/nacionalfm\/wp-json\/wp\/v2\/media\/15470"}],"wp:attachment":[{"href":"https:\/\/sertv.gob.pa\/nacionalfm\/wp-json\/wp\/v2\/media?parent=15469"}],"wp:term":[{"taxonomy":"category","embeddable":true,"href":"https:\/\/sertv.gob.pa\/nacionalfm\/wp-json\/wp\/v2\/categories?post=15469"},{"taxonomy":"post_tag","embeddable":true,"href":"https:\/\/sertv.gob.pa\/nacionalfm\/wp-json\/wp\/v2\/tags?post=15469"}],"curies":[{"name":"wp","href":"https:\/\/api.w.org\/{rel}","templated":true}]}}