{"id":15483,"date":"2016-09-12T16:28:28","date_gmt":"2016-09-12T16:28:28","guid":{"rendered":""},"modified":"2016-09-12T16:28:28","modified_gmt":"2016-09-12T16:28:28","slug":"inicia-liga-intercolegial-de-futbol-copa-presidente-de-la-republica","status":"publish","type":"post","link":"https:\/\/sertv.gob.pa\/nacionalfm\/inicia-liga-intercolegial-de-futbol-copa-presidente-de-la-republica\/","title":{"rendered":"Inicia Liga Intercolegial de F\u00fatbol, Copa Presidente de la Rep\u00fablica"},"content":{"rendered":"<p>\n Recientemente se inici\u00f3 la Liga Intercolegial de F\u00fatbol Copa Presidente de la Rep\u00fablica, con la participaci\u00f3n de 48 equipos procedentes de 45 colegios de todo el pa\u00eds.  <\/p>\n<p> Este torneo, en el que participan j\u00f3venes en las categor\u00edas sub-15 y sub-18, tiene como objetivo incentivar y promover los valores y el estudio a trav\u00e9s del deporte, evitando la deserci\u00f3n escolar, las drogas y la violencia en las escuelas.  <\/p>\n<p> En el acto inaugural, celebrado en el Estadio Rommel Fern\u00e1ndez, el presidente, Juan Carlos Varela expres\u00f3 que esta justa reviste de gran importancia en la formaci\u00f3n y la educaci\u00f3n de cada uno de los estudiantes.\u00a0  <\/p>\n<p> \u00a0  <\/p>\n<p> \u00a0  <\/p>\n<p>\u00a0 <\/p>\n","protected":false},"excerpt":{"rendered":"<p>Recientemente se inici\u00f3 la Liga Intercolegial de F\u00fatbol Copa Presidente <a href=\"https:\/\/sertv.gob.pa\/nacionalfm\/inicia-liga-intercolegial-de-futbol-copa-presidente-de-la-republica\/\"> [&#8230;]<\/a><\/p>\n","protected":false},"author":1,"featured_media":15484,"comment_status":"closed","ping_status":"closed","sticky":false,"template":"","format":"standard","meta":{"footnotes":""},"categories":[4],"tags":[],"class_list":["post-15483","post","type-post","status-publish","format-standard","has-post-thumbnail","hentry","category-deportes"],"_links":{"self":[{"href":"https:\/\/sertv.gob.pa\/nacionalfm\/wp-json\/wp\/v2\/posts\/15483","targetHints":{"allow":["GET"]}}],"collection":[{"href":"https:\/\/sertv.gob.pa\/nacionalfm\/wp-json\/wp\/v2\/posts"}],"about":[{"href":"https:\/\/sertv.gob.pa\/nacionalfm\/wp-json\/wp\/v2\/types\/post"}],"author":[{"embeddable":true,"href":"https:\/\/sertv.gob.pa\/nacionalfm\/wp-json\/wp\/v2\/users\/1"}],"replies":[{"embeddable":true,"href":"https:\/\/sertv.gob.pa\/nacionalfm\/wp-json\/wp\/v2\/comments?post=15483"}],"version-history":[{"count":0,"href":"https:\/\/sertv.gob.pa\/nacionalfm\/wp-json\/wp\/v2\/posts\/15483\/revisions"}],"wp:featuredmedia":[{"embeddable":true,"href":"https:\/\/sertv.gob.pa\/nacionalfm\/wp-json\/wp\/v2\/media\/15484"}],"wp:attachment":[{"href":"https:\/\/sertv.gob.pa\/nacionalfm\/wp-json\/wp\/v2\/media?parent=15483"}],"wp:term":[{"taxonomy":"category","embeddable":true,"href":"https:\/\/sertv.gob.pa\/nacionalfm\/wp-json\/wp\/v2\/categories?post=15483"},{"taxonomy":"post_tag","embeddable":true,"href":"https:\/\/sertv.gob.pa\/nacionalfm\/wp-json\/wp\/v2\/tags?post=15483"}],"curies":[{"name":"wp","href":"https:\/\/api.w.org\/{rel}","templated":true}]}}