{"id":15485,"date":"2016-09-12T16:40:51","date_gmt":"2016-09-12T16:40:51","guid":{"rendered":""},"modified":"2016-09-12T16:40:51","modified_gmt":"2016-09-12T16:40:51","slug":"iveth-valdes-finaliza-participacion-en-paralimpicos-rio-2016","status":"publish","type":"post","link":"https:\/\/sertv.gob.pa\/nacionalfm\/iveth-valdes-finaliza-participacion-en-paralimpicos-rio-2016\/","title":{"rendered":"Iveth Vald\u00e9s finaliza participaci\u00f3n en Paral\u00edmpicos R\u00edo 2016"},"content":{"rendered":"<p>\nLa \u00a0atleta \u00a0paname\u00f1a Iveth \u00a0Vald\u00e9s \u00a0marc\u00f3 13.57 metros este s\u00e1bado \u00a0durante su presentaci\u00f3n en el lanzamiento de jabalina en los \u00a0Juegos Paral\u00edmpicos Rio 2016 que se \u00a0disputan en Brasil. <\/p>\n<p>Portando el n\u00famero 670 y en su primera participaci\u00f3n en juegos paral\u00edmpicos, la paname\u00f1a fue la primera de los atletas inscritos en la final del lanzamiento de jabalina femenino. \u00a0Con su marca no pudo aspirar al famoso podium de los ganadores, sin embargo, se destaca su trabajo ya que con tan s\u00f3lo 7 meses de conocer la disciplina del lanzamiento de \u00a0jabalina, \u00a0ya se ubica entre las 12 mejores del mundo. <\/p>\n<p>Esta es la primera participaci\u00f3n \u00a0de la delegaci\u00f3n paname\u00f1a en los Juegos Paral\u00edmpicos de Rio 2016. \u00a0 El pr\u00f3ximo \u00a0viernes 16 lo har\u00e1 \u00a0Francisco Cede\u00f1o en lanzamiento de bala. <\/p>\n<p>\u00a0 <\/p>\n","protected":false},"excerpt":{"rendered":"<p>La \u00a0atleta \u00a0paname\u00f1a Iveth \u00a0Vald\u00e9s \u00a0marc\u00f3 13.57 metros este s\u00e1bado <a href=\"https:\/\/sertv.gob.pa\/nacionalfm\/iveth-valdes-finaliza-participacion-en-paralimpicos-rio-2016\/\"> [&#8230;]<\/a><\/p>\n","protected":false},"author":1,"featured_media":15486,"comment_status":"closed","ping_status":"closed","sticky":false,"template":"","format":"standard","meta":{"footnotes":""},"categories":[4],"tags":[],"class_list":["post-15485","post","type-post","status-publish","format-standard","has-post-thumbnail","hentry","category-deportes"],"_links":{"self":[{"href":"https:\/\/sertv.gob.pa\/nacionalfm\/wp-json\/wp\/v2\/posts\/15485","targetHints":{"allow":["GET"]}}],"collection":[{"href":"https:\/\/sertv.gob.pa\/nacionalfm\/wp-json\/wp\/v2\/posts"}],"about":[{"href":"https:\/\/sertv.gob.pa\/nacionalfm\/wp-json\/wp\/v2\/types\/post"}],"author":[{"embeddable":true,"href":"https:\/\/sertv.gob.pa\/nacionalfm\/wp-json\/wp\/v2\/users\/1"}],"replies":[{"embeddable":true,"href":"https:\/\/sertv.gob.pa\/nacionalfm\/wp-json\/wp\/v2\/comments?post=15485"}],"version-history":[{"count":0,"href":"https:\/\/sertv.gob.pa\/nacionalfm\/wp-json\/wp\/v2\/posts\/15485\/revisions"}],"wp:featuredmedia":[{"embeddable":true,"href":"https:\/\/sertv.gob.pa\/nacionalfm\/wp-json\/wp\/v2\/media\/15486"}],"wp:attachment":[{"href":"https:\/\/sertv.gob.pa\/nacionalfm\/wp-json\/wp\/v2\/media?parent=15485"}],"wp:term":[{"taxonomy":"category","embeddable":true,"href":"https:\/\/sertv.gob.pa\/nacionalfm\/wp-json\/wp\/v2\/categories?post=15485"},{"taxonomy":"post_tag","embeddable":true,"href":"https:\/\/sertv.gob.pa\/nacionalfm\/wp-json\/wp\/v2\/tags?post=15485"}],"curies":[{"name":"wp","href":"https:\/\/api.w.org\/{rel}","templated":true}]}}