{"id":15497,"date":"2016-09-12T19:22:25","date_gmt":"2016-09-12T19:22:25","guid":{"rendered":""},"modified":"2016-09-12T19:22:25","modified_gmt":"2016-09-12T19:22:25","slug":"por-escasez-de-medicos-redistribuiran-personal","status":"publish","type":"post","link":"https:\/\/sertv.gob.pa\/nacionalfm\/por-escasez-de-medicos-redistribuiran-personal\/","title":{"rendered":"Por escasez de m\u00e9dicos redistribuir\u00e1n personal"},"content":{"rendered":"<p>\nEl Ministerio de Salud inform\u00f3 que debido a la escasez de m\u00e9dicos que confronta la regional de la provincia de Los Santos, se empezar\u00e1 una redistribuci\u00f3n del personal m\u00e9dico. <\/p>\n<p>Luis De Pascuale, director regional de Salud en Los Santos, dio a conocer que lo mejor ser\u00eda contar con m\u00e9dicos permanentes en todos los centros de salud, durante los siete d\u00edas de la semana, pero es imposible actualmente. <\/p>\n<p>&ldquo;Estamos planificando hacer una distribuci\u00f3n de personal m\u00e9dico y ampliar en aquellos sitios donde la demanda ha crecido por el aumento de la poblaci\u00f3n&rdquo;, expres\u00f3. <\/p>\n<p>\u00a0 <\/p>\n","protected":false},"excerpt":{"rendered":"<p>El Ministerio de Salud inform\u00f3 que debido a la escasez <a href=\"https:\/\/sertv.gob.pa\/nacionalfm\/por-escasez-de-medicos-redistribuiran-personal\/\"> [&#8230;]<\/a><\/p>\n","protected":false},"author":1,"featured_media":15498,"comment_status":"closed","ping_status":"closed","sticky":false,"template":"","format":"standard","meta":{"footnotes":""},"categories":[5],"tags":[],"class_list":["post-15497","post","type-post","status-publish","format-standard","has-post-thumbnail","hentry","category-salud"],"_links":{"self":[{"href":"https:\/\/sertv.gob.pa\/nacionalfm\/wp-json\/wp\/v2\/posts\/15497","targetHints":{"allow":["GET"]}}],"collection":[{"href":"https:\/\/sertv.gob.pa\/nacionalfm\/wp-json\/wp\/v2\/posts"}],"about":[{"href":"https:\/\/sertv.gob.pa\/nacionalfm\/wp-json\/wp\/v2\/types\/post"}],"author":[{"embeddable":true,"href":"https:\/\/sertv.gob.pa\/nacionalfm\/wp-json\/wp\/v2\/users\/1"}],"replies":[{"embeddable":true,"href":"https:\/\/sertv.gob.pa\/nacionalfm\/wp-json\/wp\/v2\/comments?post=15497"}],"version-history":[{"count":0,"href":"https:\/\/sertv.gob.pa\/nacionalfm\/wp-json\/wp\/v2\/posts\/15497\/revisions"}],"wp:featuredmedia":[{"embeddable":true,"href":"https:\/\/sertv.gob.pa\/nacionalfm\/wp-json\/wp\/v2\/media\/15498"}],"wp:attachment":[{"href":"https:\/\/sertv.gob.pa\/nacionalfm\/wp-json\/wp\/v2\/media?parent=15497"}],"wp:term":[{"taxonomy":"category","embeddable":true,"href":"https:\/\/sertv.gob.pa\/nacionalfm\/wp-json\/wp\/v2\/categories?post=15497"},{"taxonomy":"post_tag","embeddable":true,"href":"https:\/\/sertv.gob.pa\/nacionalfm\/wp-json\/wp\/v2\/tags?post=15497"}],"curies":[{"name":"wp","href":"https:\/\/api.w.org\/{rel}","templated":true}]}}