{"id":155,"date":"2014-07-08T05:00:00","date_gmt":"2014-07-08T05:00:00","guid":{"rendered":""},"modified":"2014-07-08T05:00:00","modified_gmt":"2014-07-08T05:00:00","slug":"programa-de-implante-coclear-es-reactivado-por-css","status":"publish","type":"post","link":"https:\/\/sertv.gob.pa\/nacionalfm\/programa-de-implante-coclear-es-reactivado-por-css\/","title":{"rendered":"Programa de implante coclear es reactivado por CSS"},"content":{"rendered":"<p>\nLa Caja de Seguro Social (CSS) intervendr\u00e1 a 15 ni\u00f1os en el Hospital de Especialidades Pedi\u00e1tricas (HEP) como parte del programa de implante coclear, el cual busca desarrollar el sentido de la audici\u00f3n y recuperar la capacidad ling\u00fc\u00edstica. <\/p>\n<p>Esta iniciativa se retoma luego de tres a\u00f1os de suspensi\u00f3n, cuando se realizaron las \u00faltimas 15 intervenciones de esta clase. Eso permitir\u00e1 disminuir la lista de espera que es de 50 pacientes. <\/p>\n<p>Araceli de la Guardia, jefa del servicio de Otorrinolaringolog\u00eda del HEP, explic\u00f3 que a trav\u00e9s de esta jornada se operar\u00e1 a tres pacientes por d\u00eda en edades de entre uno y tres a\u00f1os. <\/p>\n<p>En el pr\u00f3ximo mes de agosto, la CSS tiene previsto hacer otras 15 intervenciones. Para comprar equipos que se utilizar\u00e1n en estas operaciones se destinaron $360 mil. <\/p>\n<p>Las operaciones comenzaron \u00a1Error! Referencia de hiperv\u00ednculo no v\u00e1lida.  ayer, de acuerdo con los informes de esa entidad de salud, y concluir\u00e1n el viernes 11 de julio.\u00a0 @nacionalFm <\/p>\n","protected":false},"excerpt":{"rendered":"<p>La Caja de Seguro Social (CSS) intervendr\u00e1 a 15 ni\u00f1os <a href=\"https:\/\/sertv.gob.pa\/nacionalfm\/programa-de-implante-coclear-es-reactivado-por-css\/\"> [&#8230;]<\/a><\/p>\n","protected":false},"author":1,"featured_media":156,"comment_status":"closed","ping_status":"closed","sticky":false,"template":"","format":"standard","meta":{"footnotes":""},"categories":[5],"tags":[],"class_list":["post-155","post","type-post","status-publish","format-standard","has-post-thumbnail","hentry","category-salud"],"_links":{"self":[{"href":"https:\/\/sertv.gob.pa\/nacionalfm\/wp-json\/wp\/v2\/posts\/155","targetHints":{"allow":["GET"]}}],"collection":[{"href":"https:\/\/sertv.gob.pa\/nacionalfm\/wp-json\/wp\/v2\/posts"}],"about":[{"href":"https:\/\/sertv.gob.pa\/nacionalfm\/wp-json\/wp\/v2\/types\/post"}],"author":[{"embeddable":true,"href":"https:\/\/sertv.gob.pa\/nacionalfm\/wp-json\/wp\/v2\/users\/1"}],"replies":[{"embeddable":true,"href":"https:\/\/sertv.gob.pa\/nacionalfm\/wp-json\/wp\/v2\/comments?post=155"}],"version-history":[{"count":0,"href":"https:\/\/sertv.gob.pa\/nacionalfm\/wp-json\/wp\/v2\/posts\/155\/revisions"}],"wp:featuredmedia":[{"embeddable":true,"href":"https:\/\/sertv.gob.pa\/nacionalfm\/wp-json\/wp\/v2\/media\/156"}],"wp:attachment":[{"href":"https:\/\/sertv.gob.pa\/nacionalfm\/wp-json\/wp\/v2\/media?parent=155"}],"wp:term":[{"taxonomy":"category","embeddable":true,"href":"https:\/\/sertv.gob.pa\/nacionalfm\/wp-json\/wp\/v2\/categories?post=155"},{"taxonomy":"post_tag","embeddable":true,"href":"https:\/\/sertv.gob.pa\/nacionalfm\/wp-json\/wp\/v2\/tags?post=155"}],"curies":[{"name":"wp","href":"https:\/\/api.w.org\/{rel}","templated":true}]}}