{"id":15503,"date":"2016-09-12T19:58:59","date_gmt":"2016-09-12T19:58:59","guid":{"rendered":""},"modified":"2016-09-12T19:58:59","modified_gmt":"2016-09-12T19:58:59","slug":"panama-lidera-grupo-a-del-mundial-de-futsal","status":"publish","type":"post","link":"https:\/\/sertv.gob.pa\/nacionalfm\/panama-lidera-grupo-a-del-mundial-de-futsal\/","title":{"rendered":"Panam\u00e1 lidera Grupo A del Mundial de FUTSAL"},"content":{"rendered":"<p>\nPanam\u00e1 lidera el Grupo A de la Copa Mundial de FUTSAL, que se disputa en Colombia, luego de vencer\u00a0 el pasado s\u00e1bado a Ubekist\u00e1n 3 goles a 1. <\/p>\n<p>Teniendo como escenario el Coliseo del Pueblo en la ciudad de Cali, el equipo paname\u00f1o anot\u00f3 por intermedio de Abdiel Castrell\u00f3n al minuto 16 con lo que se fue al medio tiempo con esa ventaja. <\/p>\n<p>En el segundo tiempo Michael De Le\u00f3n al minuto 30 y Fernando Mena al 36 le dieron amplia ventaja al equipo paname\u00f1o. ya en las postrimer\u00edas del encuentro, Ubekist\u00e1n anotar\u00eda su gol de la honra. <\/p>\n<p>A segunda hora Colombia empat\u00f3 a un gol ante Portugal, equipos que completan el grupo A, por lo que Panam\u00e1 lidera el grupo con 3 puntos. <\/p>\n<p>El pr\u00f3ximo martes Panam\u00e1 jugar\u00e1 su segundo partido ante Portugal. <\/p>\n<p>\u00a0 <\/p>\n","protected":false},"excerpt":{"rendered":"<p>Panam\u00e1 lidera el Grupo A de la Copa Mundial de <a href=\"https:\/\/sertv.gob.pa\/nacionalfm\/panama-lidera-grupo-a-del-mundial-de-futsal\/\"> [&#8230;]<\/a><\/p>\n","protected":false},"author":1,"featured_media":15504,"comment_status":"closed","ping_status":"closed","sticky":false,"template":"","format":"standard","meta":{"footnotes":""},"categories":[4],"tags":[],"class_list":["post-15503","post","type-post","status-publish","format-standard","has-post-thumbnail","hentry","category-deportes"],"_links":{"self":[{"href":"https:\/\/sertv.gob.pa\/nacionalfm\/wp-json\/wp\/v2\/posts\/15503","targetHints":{"allow":["GET"]}}],"collection":[{"href":"https:\/\/sertv.gob.pa\/nacionalfm\/wp-json\/wp\/v2\/posts"}],"about":[{"href":"https:\/\/sertv.gob.pa\/nacionalfm\/wp-json\/wp\/v2\/types\/post"}],"author":[{"embeddable":true,"href":"https:\/\/sertv.gob.pa\/nacionalfm\/wp-json\/wp\/v2\/users\/1"}],"replies":[{"embeddable":true,"href":"https:\/\/sertv.gob.pa\/nacionalfm\/wp-json\/wp\/v2\/comments?post=15503"}],"version-history":[{"count":0,"href":"https:\/\/sertv.gob.pa\/nacionalfm\/wp-json\/wp\/v2\/posts\/15503\/revisions"}],"wp:featuredmedia":[{"embeddable":true,"href":"https:\/\/sertv.gob.pa\/nacionalfm\/wp-json\/wp\/v2\/media\/15504"}],"wp:attachment":[{"href":"https:\/\/sertv.gob.pa\/nacionalfm\/wp-json\/wp\/v2\/media?parent=15503"}],"wp:term":[{"taxonomy":"category","embeddable":true,"href":"https:\/\/sertv.gob.pa\/nacionalfm\/wp-json\/wp\/v2\/categories?post=15503"},{"taxonomy":"post_tag","embeddable":true,"href":"https:\/\/sertv.gob.pa\/nacionalfm\/wp-json\/wp\/v2\/tags?post=15503"}],"curies":[{"name":"wp","href":"https:\/\/api.w.org\/{rel}","templated":true}]}}