{"id":15505,"date":"2016-09-12T20:08:31","date_gmt":"2016-09-12T20:08:31","guid":{"rendered":""},"modified":"2016-09-12T20:08:31","modified_gmt":"2016-09-12T20:08:31","slug":"gobernacion-de-panama-hace-reconocimiento-a-cascarita-tapia","status":"publish","type":"post","link":"https:\/\/sertv.gob.pa\/nacionalfm\/gobernacion-de-panama-hace-reconocimiento-a-cascarita-tapia\/","title":{"rendered":"Gobernaci\u00f3n de Panam\u00e1 hace reconocimiento a \u201cCascarita\u201d Tapia"},"content":{"rendered":"<p>\nLa m\u00e1xima autoridad de la provincia de Panam\u00e1, el Gobernador Rafael Pinto-Pino entreg\u00f3 este viernes un reconocimiento al exfutbolista paname\u00f1o Luis Ernesto &ldquo;Cascarita&rdquo; Tapia, por su destacada carrera como futbolista dentro y fuera de la cancha. <\/p>\n<p>En el acto estuvo presente el director general del Instituto Paname\u00f1o de Deportes (Pandeportes) Roberto Arango, Manuel Grimaldo, ministro encargado del MICI; el embajador de El Salvador Francisco S. Fonseca, y los especialistas en f\u00fatbol David Samudio y Edmundo Vargas. <\/p>\n<p>El exfutbolista paname\u00f1o Luis Ernesto Cascarita&rdquo; Tapia de 72 a\u00f1os de edad, fue selecci\u00f3n nacional en la posici\u00f3n de centro delantero entre los a\u00f1os 1966 y 1976, llamado por algunos como el Pel\u00e9 de Centroam\u00e9rica Tapia lleg\u00f3 a la cancha con Edson Arantes Do Nacimento, el 19 de marzo de 1971; con el Alianza de El Salvador gan\u00f3 el Campeonato de Clubes de la Concacaf y m\u00e1ximo artillero de la liga profesional salvadore\u00f1a por tres a\u00f1os consecutivos. <\/p>\n<p>\u00a0 <\/p>\n","protected":false},"excerpt":{"rendered":"<p>La m\u00e1xima autoridad de la provincia de Panam\u00e1, el Gobernador <a href=\"https:\/\/sertv.gob.pa\/nacionalfm\/gobernacion-de-panama-hace-reconocimiento-a-cascarita-tapia\/\"> [&#8230;]<\/a><\/p>\n","protected":false},"author":1,"featured_media":15506,"comment_status":"closed","ping_status":"closed","sticky":false,"template":"","format":"standard","meta":{"footnotes":""},"categories":[4],"tags":[],"class_list":["post-15505","post","type-post","status-publish","format-standard","has-post-thumbnail","hentry","category-deportes"],"_links":{"self":[{"href":"https:\/\/sertv.gob.pa\/nacionalfm\/wp-json\/wp\/v2\/posts\/15505","targetHints":{"allow":["GET"]}}],"collection":[{"href":"https:\/\/sertv.gob.pa\/nacionalfm\/wp-json\/wp\/v2\/posts"}],"about":[{"href":"https:\/\/sertv.gob.pa\/nacionalfm\/wp-json\/wp\/v2\/types\/post"}],"author":[{"embeddable":true,"href":"https:\/\/sertv.gob.pa\/nacionalfm\/wp-json\/wp\/v2\/users\/1"}],"replies":[{"embeddable":true,"href":"https:\/\/sertv.gob.pa\/nacionalfm\/wp-json\/wp\/v2\/comments?post=15505"}],"version-history":[{"count":0,"href":"https:\/\/sertv.gob.pa\/nacionalfm\/wp-json\/wp\/v2\/posts\/15505\/revisions"}],"wp:featuredmedia":[{"embeddable":true,"href":"https:\/\/sertv.gob.pa\/nacionalfm\/wp-json\/wp\/v2\/media\/15506"}],"wp:attachment":[{"href":"https:\/\/sertv.gob.pa\/nacionalfm\/wp-json\/wp\/v2\/media?parent=15505"}],"wp:term":[{"taxonomy":"category","embeddable":true,"href":"https:\/\/sertv.gob.pa\/nacionalfm\/wp-json\/wp\/v2\/categories?post=15505"},{"taxonomy":"post_tag","embeddable":true,"href":"https:\/\/sertv.gob.pa\/nacionalfm\/wp-json\/wp\/v2\/tags?post=15505"}],"curies":[{"name":"wp","href":"https:\/\/api.w.org\/{rel}","templated":true}]}}