{"id":15507,"date":"2016-09-12T20:39:17","date_gmt":"2016-09-12T20:39:17","guid":{"rendered":""},"modified":"2016-09-12T20:39:17","modified_gmt":"2016-09-12T20:39:17","slug":"este-miercoles-el-arabe-unido-recibe-al-monterrey-de-mexico","status":"publish","type":"post","link":"https:\/\/sertv.gob.pa\/nacionalfm\/este-miercoles-el-arabe-unido-recibe-al-monterrey-de-mexico\/","title":{"rendered":"Este mi\u00e9rcoles el \u00c1rabe Unido recibe al Monterrey de M\u00e9xico"},"content":{"rendered":"<p>\nEste mi\u00e9rcoles 14 de septiembre el CD \u00c1rabe Unido de Col\u00f3n recibe al Monterrey de M\u00e9xico por la tercera jornada de la Liga de Campeones de CONCACAF. Los colonenses llegan a este partido como l\u00edderes e grupos con 6 puntos, luego de sus victorias en M\u00e9xico y Hait\u00ed.\u00a0 <\/p>\n<p>Los dirigidos por el profesor Juan Sergio Guzm\u00e1n, tienen la oportunidad de clasificar nuevamente a la segunda ronda del torneo continental en caso de vencer al club mexicano. Incluso, un empate servir\u00eda de mucho para las pretensiones del club colonense ya que podr\u00eda definir la clasificaci\u00f3n en la \u00faltima jornada cuando reciba al Don Bosco FC de Hait\u00ed. <\/p>\n<p>El \u00c1rabe Unido estar\u00e1 entrenando en el estadio Maracan\u00e1 durante los primeros d\u00edas de esta semana para preparar su partido y los mexicanos tambi\u00e9n realizar\u00e1n un entrenamiento oficial en el coloso del El Chorrillo. <\/p>\n<p>\u00a0 <\/p>\n","protected":false},"excerpt":{"rendered":"<p>Este mi\u00e9rcoles 14 de septiembre el CD \u00c1rabe Unido de <a href=\"https:\/\/sertv.gob.pa\/nacionalfm\/este-miercoles-el-arabe-unido-recibe-al-monterrey-de-mexico\/\"> [&#8230;]<\/a><\/p>\n","protected":false},"author":1,"featured_media":15508,"comment_status":"closed","ping_status":"closed","sticky":false,"template":"","format":"standard","meta":{"footnotes":""},"categories":[4],"tags":[],"class_list":["post-15507","post","type-post","status-publish","format-standard","has-post-thumbnail","hentry","category-deportes"],"_links":{"self":[{"href":"https:\/\/sertv.gob.pa\/nacionalfm\/wp-json\/wp\/v2\/posts\/15507","targetHints":{"allow":["GET"]}}],"collection":[{"href":"https:\/\/sertv.gob.pa\/nacionalfm\/wp-json\/wp\/v2\/posts"}],"about":[{"href":"https:\/\/sertv.gob.pa\/nacionalfm\/wp-json\/wp\/v2\/types\/post"}],"author":[{"embeddable":true,"href":"https:\/\/sertv.gob.pa\/nacionalfm\/wp-json\/wp\/v2\/users\/1"}],"replies":[{"embeddable":true,"href":"https:\/\/sertv.gob.pa\/nacionalfm\/wp-json\/wp\/v2\/comments?post=15507"}],"version-history":[{"count":0,"href":"https:\/\/sertv.gob.pa\/nacionalfm\/wp-json\/wp\/v2\/posts\/15507\/revisions"}],"wp:featuredmedia":[{"embeddable":true,"href":"https:\/\/sertv.gob.pa\/nacionalfm\/wp-json\/wp\/v2\/media\/15508"}],"wp:attachment":[{"href":"https:\/\/sertv.gob.pa\/nacionalfm\/wp-json\/wp\/v2\/media?parent=15507"}],"wp:term":[{"taxonomy":"category","embeddable":true,"href":"https:\/\/sertv.gob.pa\/nacionalfm\/wp-json\/wp\/v2\/categories?post=15507"},{"taxonomy":"post_tag","embeddable":true,"href":"https:\/\/sertv.gob.pa\/nacionalfm\/wp-json\/wp\/v2\/tags?post=15507"}],"curies":[{"name":"wp","href":"https:\/\/api.w.org\/{rel}","templated":true}]}}