{"id":1552,"date":"2014-09-15T05:00:00","date_gmt":"2014-09-15T05:00:00","guid":{"rendered":""},"modified":"2014-09-15T05:00:00","modified_gmt":"2014-09-15T05:00:00","slug":"autoridades-del-minsa-fortaleceran-advertencias-sobre-el-peligro-de-fumar","status":"publish","type":"post","link":"https:\/\/sertv.gob.pa\/nacionalfm\/autoridades-del-minsa-fortaleceran-advertencias-sobre-el-peligro-de-fumar\/","title":{"rendered":"Autoridades del MINSA, fortalecer\u00e1n advertencias sobre el peligro de fumar"},"content":{"rendered":"<p>\nLas autoridades del Ministerio de Salud (MINSA) endurecer\u00e1n las advertencias sobre los efectos que provoca a la salud humana el consumo del tabaco y el cigarrillo. <\/p>\n<p>Es as\u00ed como, mediante la Resoluci\u00f3n 1210 del 11 de agosto de 2014 y publicado en Gaceta Oficial 27620, el MINSA orden\u00f3 a las empresas comercializadoras de cigarrillo adoptar  &ldquo;cinco pictogramas que deber\u00e1n ser impresos en los envases de producto de tabacos y paquetes de cigarrillos que se comercialicen en el territorio&rdquo;.  <\/p>\n<p> De esta manera, entre los mensajes que corresponder\u00e1n aparecer en los envases est\u00e1n que fumar produce c\u00e1ncer en la boca, limita el rendimiento f\u00edsico, puede causar incendios, enferma a los hijos y puede causar c\u00e1ncer de pulm\u00f3n.  <\/p>\n<p>Aparte de esto, en la resoluci\u00f3n se ordena a las industrias, comercializadoras y distribuidoras de productos de tabaco, a entregar trimestralmente a la Direcci\u00f3n General de Salud P\u00fablica, un informe en el que constate el  &ldquo;volumen de envases y cajetillas que circulen por marca y proporci\u00f3n de advertencias impresas para dicha marca&rdquo;.  <\/p>\n<p>Cabe mencionar, que con la mutaci\u00f3n del vicio y las estrategias de comercializaci\u00f3n de las tabacaleras, el MINSA est\u00e1 por declarar mediante Decreto Ejecutivo la prohibici\u00f3n del consumo del cigarrillo electr\u00f3nico. De acuerdo a la directora de planificaci\u00f3n del MINSA, Reina Roa, el producto  &ldquo;es tabaco disfrazado con olores y sabores, pero igual de t\u00f3xico&rdquo;.  Adem\u00e1s se proponen revivir en la Asamblea Nacional un proyecto de ley que proh\u00edbe el uso de las narguiles en los mismos sitios que establece la Ley 13 de 2008, que proh\u00edbe fumar en lugares cerrados. <\/p>\n<p>En equivalente, la Coalici\u00f3n Paname\u00f1a Contra el Tabaquismo, que dirige Nelida Gligo, trabaja en una modificaci\u00f3n a la ley de forma tal de poder cerrar los vac\u00edos que dej\u00f3 la ley sobre las innovaciones y sitios abiertos para fumar.\u00a0 @nacionalFm <\/p>\n","protected":false},"excerpt":{"rendered":"<p>Las autoridades del Ministerio de Salud (MINSA) endurecer\u00e1n las advertencias <a href=\"https:\/\/sertv.gob.pa\/nacionalfm\/autoridades-del-minsa-fortaleceran-advertencias-sobre-el-peligro-de-fumar\/\"> [&#8230;]<\/a><\/p>\n","protected":false},"author":1,"featured_media":1553,"comment_status":"closed","ping_status":"closed","sticky":false,"template":"","format":"standard","meta":{"footnotes":""},"categories":[5],"tags":[],"class_list":["post-1552","post","type-post","status-publish","format-standard","has-post-thumbnail","hentry","category-salud"],"_links":{"self":[{"href":"https:\/\/sertv.gob.pa\/nacionalfm\/wp-json\/wp\/v2\/posts\/1552","targetHints":{"allow":["GET"]}}],"collection":[{"href":"https:\/\/sertv.gob.pa\/nacionalfm\/wp-json\/wp\/v2\/posts"}],"about":[{"href":"https:\/\/sertv.gob.pa\/nacionalfm\/wp-json\/wp\/v2\/types\/post"}],"author":[{"embeddable":true,"href":"https:\/\/sertv.gob.pa\/nacionalfm\/wp-json\/wp\/v2\/users\/1"}],"replies":[{"embeddable":true,"href":"https:\/\/sertv.gob.pa\/nacionalfm\/wp-json\/wp\/v2\/comments?post=1552"}],"version-history":[{"count":0,"href":"https:\/\/sertv.gob.pa\/nacionalfm\/wp-json\/wp\/v2\/posts\/1552\/revisions"}],"wp:featuredmedia":[{"embeddable":true,"href":"https:\/\/sertv.gob.pa\/nacionalfm\/wp-json\/wp\/v2\/media\/1553"}],"wp:attachment":[{"href":"https:\/\/sertv.gob.pa\/nacionalfm\/wp-json\/wp\/v2\/media?parent=1552"}],"wp:term":[{"taxonomy":"category","embeddable":true,"href":"https:\/\/sertv.gob.pa\/nacionalfm\/wp-json\/wp\/v2\/categories?post=1552"},{"taxonomy":"post_tag","embeddable":true,"href":"https:\/\/sertv.gob.pa\/nacionalfm\/wp-json\/wp\/v2\/tags?post=1552"}],"curies":[{"name":"wp","href":"https:\/\/api.w.org\/{rel}","templated":true}]}}