{"id":15531,"date":"2016-09-13T18:29:43","date_gmt":"2016-09-13T18:29:43","guid":{"rendered":""},"modified":"2016-09-13T18:29:43","modified_gmt":"2016-09-13T18:29:43","slug":"la-funcion-del-corazon-se-mejora-suministrando-omega-3","status":"publish","type":"post","link":"https:\/\/sertv.gob.pa\/nacionalfm\/la-funcion-del-corazon-se-mejora-suministrando-omega-3\/","title":{"rendered":"La funci\u00f3n del coraz\u00f3n se mejora suministrando Omega-3"},"content":{"rendered":"<p>\nSuministrar a los pacientes que han padecido un ataque cardiaco dosis diarias de \u00e1cidos grasos omega-3 durante 6 meses reduce las cicatrices y mejora la funci\u00f3n del coraz\u00f3n, seg\u00fan ha mostrado una investigaci\u00f3n liderada por el profesor de la Universidad de Harvard en Boston (Estados Unidos), Raymond Y. Kwong, y publicada en la revista &lsquo;Circulation de la American Heart Association&rsquo;. <\/p>\n<p>Precisamente, un estudio anterior hab\u00eda encontrado que el omega-3 del aceite del pescado mejoraba la supervivencia en los pacientes que hab\u00edan padecido un ataque al coraz\u00f3n, si bien se desconoc\u00eda el papel que estos \u00e1cidos grasos jugaban en la estructura y tejido del \u00f3rgano en estos enfermos. <\/p>\n<p>\u00a0 <\/p>\n","protected":false},"excerpt":{"rendered":"<p>Suministrar a los pacientes que han padecido un ataque cardiaco <a href=\"https:\/\/sertv.gob.pa\/nacionalfm\/la-funcion-del-corazon-se-mejora-suministrando-omega-3\/\"> [&#8230;]<\/a><\/p>\n","protected":false},"author":1,"featured_media":15532,"comment_status":"closed","ping_status":"closed","sticky":false,"template":"","format":"standard","meta":{"footnotes":""},"categories":[5],"tags":[],"class_list":["post-15531","post","type-post","status-publish","format-standard","has-post-thumbnail","hentry","category-salud"],"_links":{"self":[{"href":"https:\/\/sertv.gob.pa\/nacionalfm\/wp-json\/wp\/v2\/posts\/15531","targetHints":{"allow":["GET"]}}],"collection":[{"href":"https:\/\/sertv.gob.pa\/nacionalfm\/wp-json\/wp\/v2\/posts"}],"about":[{"href":"https:\/\/sertv.gob.pa\/nacionalfm\/wp-json\/wp\/v2\/types\/post"}],"author":[{"embeddable":true,"href":"https:\/\/sertv.gob.pa\/nacionalfm\/wp-json\/wp\/v2\/users\/1"}],"replies":[{"embeddable":true,"href":"https:\/\/sertv.gob.pa\/nacionalfm\/wp-json\/wp\/v2\/comments?post=15531"}],"version-history":[{"count":0,"href":"https:\/\/sertv.gob.pa\/nacionalfm\/wp-json\/wp\/v2\/posts\/15531\/revisions"}],"wp:featuredmedia":[{"embeddable":true,"href":"https:\/\/sertv.gob.pa\/nacionalfm\/wp-json\/wp\/v2\/media\/15532"}],"wp:attachment":[{"href":"https:\/\/sertv.gob.pa\/nacionalfm\/wp-json\/wp\/v2\/media?parent=15531"}],"wp:term":[{"taxonomy":"category","embeddable":true,"href":"https:\/\/sertv.gob.pa\/nacionalfm\/wp-json\/wp\/v2\/categories?post=15531"},{"taxonomy":"post_tag","embeddable":true,"href":"https:\/\/sertv.gob.pa\/nacionalfm\/wp-json\/wp\/v2\/tags?post=15531"}],"curies":[{"name":"wp","href":"https:\/\/api.w.org\/{rel}","templated":true}]}}