{"id":15537,"date":"2016-09-13T20:44:07","date_gmt":"2016-09-13T20:44:07","guid":{"rendered":""},"modified":"2016-09-13T20:44:07","modified_gmt":"2016-09-13T20:44:07","slug":"oficializan-combate-arboleda-frente-a-colombiano-mortero-espitias","status":"publish","type":"post","link":"https:\/\/sertv.gob.pa\/nacionalfm\/oficializan-combate-arboleda-frente-a-colombiano-mortero-espitias\/","title":{"rendered":"Oficializan combate Arboleda frente a colombiano \u201cMortero\u201d Espitias"},"content":{"rendered":"<p>\nEn conferencia de prensa se oficializ\u00f3 el pr\u00f3ximo programa box\u00edstico para el 13 de octubre en el Centro de Convenciones Vasco N\u00fa\u00f1ez en el Hotel Panam\u00e1, que tiene como pelea estelar la del invicto p\u00fagil paname\u00f1o Jaime Arboleda ante el colombiano Eder &ldquo;El Mortero&rdquo; Espitia, en disputa del t\u00edtulo superpluma FEDELATIN de la Asociaci\u00f3n Mundial de Boxeo. <\/p>\n<p>En la coestelar Jorge &ldquo;El B\u00fafalo&rdquo; S\u00e1nchez le concede la revancha al venezolano Franklin Manzanilla, en 122 libras y 8 asaltos, C\u00e9sar Rivas tambi\u00e9n le brinda la revancha al coclesano Marcos Mart\u00ednez en peso de 147 libras y 6 asaltos. <\/p>\n<p>El verag\u00fcense Juan Delgado se enfrenta al capitalino Edwin Gamboa en igual peso de 147 libras y 6 asaltos, mientras Jaime Mu\u00f1oz expondr\u00e1 su invicto ante el bocatore\u00f1o Cristian Castillo, el peso mediano Robinson Arag\u00f3n se mide al debutante chiricano Douglas Samudio y en el combate de abrir, en pelea femenina la colombiana Marcela Nieto debuta en el boxeo profesional ante Marlene Aguilar en 112 libras. <\/p>\n","protected":false},"excerpt":{"rendered":"<p>En conferencia de prensa se oficializ\u00f3 el pr\u00f3ximo programa box\u00edstico <a href=\"https:\/\/sertv.gob.pa\/nacionalfm\/oficializan-combate-arboleda-frente-a-colombiano-mortero-espitias\/\"> [&#8230;]<\/a><\/p>\n","protected":false},"author":1,"featured_media":15538,"comment_status":"closed","ping_status":"closed","sticky":false,"template":"","format":"standard","meta":{"footnotes":""},"categories":[4],"tags":[],"class_list":["post-15537","post","type-post","status-publish","format-standard","has-post-thumbnail","hentry","category-deportes"],"_links":{"self":[{"href":"https:\/\/sertv.gob.pa\/nacionalfm\/wp-json\/wp\/v2\/posts\/15537","targetHints":{"allow":["GET"]}}],"collection":[{"href":"https:\/\/sertv.gob.pa\/nacionalfm\/wp-json\/wp\/v2\/posts"}],"about":[{"href":"https:\/\/sertv.gob.pa\/nacionalfm\/wp-json\/wp\/v2\/types\/post"}],"author":[{"embeddable":true,"href":"https:\/\/sertv.gob.pa\/nacionalfm\/wp-json\/wp\/v2\/users\/1"}],"replies":[{"embeddable":true,"href":"https:\/\/sertv.gob.pa\/nacionalfm\/wp-json\/wp\/v2\/comments?post=15537"}],"version-history":[{"count":0,"href":"https:\/\/sertv.gob.pa\/nacionalfm\/wp-json\/wp\/v2\/posts\/15537\/revisions"}],"wp:featuredmedia":[{"embeddable":true,"href":"https:\/\/sertv.gob.pa\/nacionalfm\/wp-json\/wp\/v2\/media\/15538"}],"wp:attachment":[{"href":"https:\/\/sertv.gob.pa\/nacionalfm\/wp-json\/wp\/v2\/media?parent=15537"}],"wp:term":[{"taxonomy":"category","embeddable":true,"href":"https:\/\/sertv.gob.pa\/nacionalfm\/wp-json\/wp\/v2\/categories?post=15537"},{"taxonomy":"post_tag","embeddable":true,"href":"https:\/\/sertv.gob.pa\/nacionalfm\/wp-json\/wp\/v2\/tags?post=15537"}],"curies":[{"name":"wp","href":"https:\/\/api.w.org\/{rel}","templated":true}]}}