{"id":15545,"date":"2016-09-14T14:54:18","date_gmt":"2016-09-14T14:54:18","guid":{"rendered":""},"modified":"2016-09-14T14:54:18","modified_gmt":"2016-09-14T14:54:18","slug":"equipo-femenino-logra-campeonato-mundial-de-futbol-flag","status":"publish","type":"post","link":"https:\/\/sertv.gob.pa\/nacionalfm\/equipo-femenino-logra-campeonato-mundial-de-futbol-flag\/","title":{"rendered":"Equipo femenino logra campeonato mundial de F\u00fatbol Flag"},"content":{"rendered":"<p>\nEl equipo de Panam\u00e1 femenino del f\u00fatbol flag, que conquist\u00f3 el campeonato mundial de esta disciplina el pasado domingo en Miami, Florida, Estados Unidos, llegaron a suelo patrio bajo el ritmo de murgas. <\/p>\n<p>El director del Instituto Paname\u00f1o de Deportes Roberto Arango, el alcalde capitalino Jos\u00e9 Isabel Bland\u00f3n, el diputado Luis Eduardo Quir\u00f3s y familiares de jugadoras recibieron a las atletas. <\/p>\n<p>Las actuales campeonas lograron pasar la primera ronda con cuatro victorias y una derrota, avanzaron a cuartos de final al vencer a Israel 31-12, vencieron a M\u00e9xico en las semifinales 39-29 y ganaron el campeonato ante Austria 31-21. <\/p>\n<p>Dirigidas por los t\u00e9cnicos, Eric Espino y Gerardo Valderrama, las integrantes de la selecci\u00f3n femenina de Panam\u00e1 son: Daniella Z\u00fa\u00f1iga, Ver\u00f3nica Vega, Leslie Del Cid, Tracey Roberts, Yarmari Correa, Elizabeth Henter, \u00c1ngela Evans, Rejane Riquelme, Vanessa Castillo, Mar\u00eda Rodr\u00edguez, Kendra Chavarr\u00eda, Amarelis De Mera, Khariel Kennion, Carolina Paz y Carla Bayard. <\/p>\n<p>\u00a0 <\/p>\n","protected":false},"excerpt":{"rendered":"<p>El equipo de Panam\u00e1 femenino del f\u00fatbol flag, que conquist\u00f3 <a href=\"https:\/\/sertv.gob.pa\/nacionalfm\/equipo-femenino-logra-campeonato-mundial-de-futbol-flag\/\"> [&#8230;]<\/a><\/p>\n","protected":false},"author":1,"featured_media":15546,"comment_status":"closed","ping_status":"closed","sticky":false,"template":"","format":"standard","meta":{"footnotes":""},"categories":[4],"tags":[],"class_list":["post-15545","post","type-post","status-publish","format-standard","has-post-thumbnail","hentry","category-deportes"],"_links":{"self":[{"href":"https:\/\/sertv.gob.pa\/nacionalfm\/wp-json\/wp\/v2\/posts\/15545","targetHints":{"allow":["GET"]}}],"collection":[{"href":"https:\/\/sertv.gob.pa\/nacionalfm\/wp-json\/wp\/v2\/posts"}],"about":[{"href":"https:\/\/sertv.gob.pa\/nacionalfm\/wp-json\/wp\/v2\/types\/post"}],"author":[{"embeddable":true,"href":"https:\/\/sertv.gob.pa\/nacionalfm\/wp-json\/wp\/v2\/users\/1"}],"replies":[{"embeddable":true,"href":"https:\/\/sertv.gob.pa\/nacionalfm\/wp-json\/wp\/v2\/comments?post=15545"}],"version-history":[{"count":0,"href":"https:\/\/sertv.gob.pa\/nacionalfm\/wp-json\/wp\/v2\/posts\/15545\/revisions"}],"wp:featuredmedia":[{"embeddable":true,"href":"https:\/\/sertv.gob.pa\/nacionalfm\/wp-json\/wp\/v2\/media\/15546"}],"wp:attachment":[{"href":"https:\/\/sertv.gob.pa\/nacionalfm\/wp-json\/wp\/v2\/media?parent=15545"}],"wp:term":[{"taxonomy":"category","embeddable":true,"href":"https:\/\/sertv.gob.pa\/nacionalfm\/wp-json\/wp\/v2\/categories?post=15545"},{"taxonomy":"post_tag","embeddable":true,"href":"https:\/\/sertv.gob.pa\/nacionalfm\/wp-json\/wp\/v2\/tags?post=15545"}],"curies":[{"name":"wp","href":"https:\/\/api.w.org\/{rel}","templated":true}]}}