{"id":15547,"date":"2016-09-14T15:06:17","date_gmt":"2016-09-14T15:06:17","guid":{"rendered":""},"modified":"2016-09-14T15:06:17","modified_gmt":"2016-09-14T15:06:17","slug":"en-especialidades-pediatricas-suspenden-cirugias-electivas","status":"publish","type":"post","link":"https:\/\/sertv.gob.pa\/nacionalfm\/en-especialidades-pediatricas-suspenden-cirugias-electivas\/","title":{"rendered":"En Especialidades Pedi\u00e1tricas suspenden cirug\u00edas electivas"},"content":{"rendered":"<p>\nLa direcci\u00f3n m\u00e9dica del hospital de Especialidades Pedi\u00e1tricas informa a la \u00a0ciudadan\u00eda en general que a partir de hoy mi\u00e9rcoles, 14 de septiembre, quedan suspendidas las cirug\u00edas electivas, temporalmente, como medida de prevenci\u00f3n ante el incremento de casos de infecciones respiratorias por el virus respiratorio sincitial (VRS). <\/p>\n<p>Esta medida es parte del plan de contingencia que adelanta el hospital del Ni\u00f1o, conjuntamente con el hospital de Especialidades Pedi\u00e1trica (HEP) para enfrentar la sobrepoblaci\u00f3n de pacientes que presentan dicho virus. <\/p>\n<p>En d\u00edas pasados, el director del hospital de Especialidades Pedi\u00e1tricas, Dr. Luis Romero, junto a las autoridades del ministerio de Salud (MINSA), alertaron a la poblaci\u00f3n para evitar la propagaci\u00f3n del virus estacional, que ataca mayormente a los menores de 2 a\u00f1os. <\/p>\n<p>Las autoridades de la Caja de Seguro Social y del MINSA se\u00f1alaron que de observarse en los menores de edad s\u00edntomas como fiebre, secreciones nasales, tos, dificultad respiratoria y p\u00e9rdida de apetito deben acudir a las instalaciones de salud para el tratamiento m\u00e9dico oportuno. \u00a0\u00a0 <\/p>\n<p>\u00a0 <\/p>\n","protected":false},"excerpt":{"rendered":"<p>La direcci\u00f3n m\u00e9dica del hospital de Especialidades Pedi\u00e1tricas informa a <a href=\"https:\/\/sertv.gob.pa\/nacionalfm\/en-especialidades-pediatricas-suspenden-cirugias-electivas\/\"> [&#8230;]<\/a><\/p>\n","protected":false},"author":1,"featured_media":15548,"comment_status":"closed","ping_status":"closed","sticky":false,"template":"","format":"standard","meta":{"footnotes":""},"categories":[5],"tags":[],"class_list":["post-15547","post","type-post","status-publish","format-standard","has-post-thumbnail","hentry","category-salud"],"_links":{"self":[{"href":"https:\/\/sertv.gob.pa\/nacionalfm\/wp-json\/wp\/v2\/posts\/15547","targetHints":{"allow":["GET"]}}],"collection":[{"href":"https:\/\/sertv.gob.pa\/nacionalfm\/wp-json\/wp\/v2\/posts"}],"about":[{"href":"https:\/\/sertv.gob.pa\/nacionalfm\/wp-json\/wp\/v2\/types\/post"}],"author":[{"embeddable":true,"href":"https:\/\/sertv.gob.pa\/nacionalfm\/wp-json\/wp\/v2\/users\/1"}],"replies":[{"embeddable":true,"href":"https:\/\/sertv.gob.pa\/nacionalfm\/wp-json\/wp\/v2\/comments?post=15547"}],"version-history":[{"count":0,"href":"https:\/\/sertv.gob.pa\/nacionalfm\/wp-json\/wp\/v2\/posts\/15547\/revisions"}],"wp:featuredmedia":[{"embeddable":true,"href":"https:\/\/sertv.gob.pa\/nacionalfm\/wp-json\/wp\/v2\/media\/15548"}],"wp:attachment":[{"href":"https:\/\/sertv.gob.pa\/nacionalfm\/wp-json\/wp\/v2\/media?parent=15547"}],"wp:term":[{"taxonomy":"category","embeddable":true,"href":"https:\/\/sertv.gob.pa\/nacionalfm\/wp-json\/wp\/v2\/categories?post=15547"},{"taxonomy":"post_tag","embeddable":true,"href":"https:\/\/sertv.gob.pa\/nacionalfm\/wp-json\/wp\/v2\/tags?post=15547"}],"curies":[{"name":"wp","href":"https:\/\/api.w.org\/{rel}","templated":true}]}}