{"id":15551,"date":"2016-09-14T15:31:18","date_gmt":"2016-09-14T15:31:18","guid":{"rendered":""},"modified":"2016-09-14T15:31:18","modified_gmt":"2016-09-14T15:31:18","slug":"panama-pierde-por-goleada-ante-portugal-en-mundial-futsal","status":"publish","type":"post","link":"https:\/\/sertv.gob.pa\/nacionalfm\/panama-pierde-por-goleada-ante-portugal-en-mundial-futsal\/","title":{"rendered":"Panam\u00e1 pierde por goleada ante Portugal en Mundial FUTSAL"},"content":{"rendered":"<p>\nEl equipo paname\u00f1o de FUTSAL perdi\u00f3 por goleada de 9 por 0 ante Portugal, en la segunda fecha del Grupo A de la Copa Mundial de F\u00fatbol Sala de la FIFA. <\/p>\n<p>El duelo, jugado este martes 13 de septiembre en el Coliseo El Pueblo de la ciudad de Cali, fue dominado por el conjunto portugu\u00e9s, siendo Ricardinho (Ricardo Filipe da Silva)\u00a0la figura del partido con seis anotaciones;\u00a0 los dem\u00e1s goles fueron de Fernando Cardinal (2) y Miguel Castro. <\/p>\n<p>Pese a la derrota, Panam\u00e1 es segundo del Grupo A, al empatar Uzbekist\u00e1n y Colombia a tres tantos. La tercera jornada ser\u00e1 contra los locales, por lo que; el empate y la victoria le permite a &lsquo;La Sele&rsquo; avanzar a la siguiente fase y hasta en el caso m\u00e1s extremo otro rev\u00e9s tambi\u00e9n lo mantendr\u00eda en juego (pero depende de una combinaci\u00f3n de resultados). \u00a0 <\/p>\n<p>El pr\u00f3ximo partido de la selecci\u00f3n paname\u00f1a ser\u00e1 el viernes 16 de septiembre ante Colombia a las 8 de la noche. <\/p>\n<p>\u00a0 \u00a0 \u00a0 <\/p>\n","protected":false},"excerpt":{"rendered":"<p>El equipo paname\u00f1o de FUTSAL perdi\u00f3 por goleada de 9 <a href=\"https:\/\/sertv.gob.pa\/nacionalfm\/panama-pierde-por-goleada-ante-portugal-en-mundial-futsal\/\"> [&#8230;]<\/a><\/p>\n","protected":false},"author":1,"featured_media":15552,"comment_status":"closed","ping_status":"closed","sticky":false,"template":"","format":"standard","meta":{"footnotes":""},"categories":[4],"tags":[],"class_list":["post-15551","post","type-post","status-publish","format-standard","has-post-thumbnail","hentry","category-deportes"],"_links":{"self":[{"href":"https:\/\/sertv.gob.pa\/nacionalfm\/wp-json\/wp\/v2\/posts\/15551","targetHints":{"allow":["GET"]}}],"collection":[{"href":"https:\/\/sertv.gob.pa\/nacionalfm\/wp-json\/wp\/v2\/posts"}],"about":[{"href":"https:\/\/sertv.gob.pa\/nacionalfm\/wp-json\/wp\/v2\/types\/post"}],"author":[{"embeddable":true,"href":"https:\/\/sertv.gob.pa\/nacionalfm\/wp-json\/wp\/v2\/users\/1"}],"replies":[{"embeddable":true,"href":"https:\/\/sertv.gob.pa\/nacionalfm\/wp-json\/wp\/v2\/comments?post=15551"}],"version-history":[{"count":0,"href":"https:\/\/sertv.gob.pa\/nacionalfm\/wp-json\/wp\/v2\/posts\/15551\/revisions"}],"wp:featuredmedia":[{"embeddable":true,"href":"https:\/\/sertv.gob.pa\/nacionalfm\/wp-json\/wp\/v2\/media\/15552"}],"wp:attachment":[{"href":"https:\/\/sertv.gob.pa\/nacionalfm\/wp-json\/wp\/v2\/media?parent=15551"}],"wp:term":[{"taxonomy":"category","embeddable":true,"href":"https:\/\/sertv.gob.pa\/nacionalfm\/wp-json\/wp\/v2\/categories?post=15551"},{"taxonomy":"post_tag","embeddable":true,"href":"https:\/\/sertv.gob.pa\/nacionalfm\/wp-json\/wp\/v2\/tags?post=15551"}],"curies":[{"name":"wp","href":"https:\/\/api.w.org\/{rel}","templated":true}]}}