{"id":15565,"date":"2016-09-14T19:41:00","date_gmt":"2016-09-14T19:41:00","guid":{"rendered":""},"modified":"2016-09-14T19:41:00","modified_gmt":"2016-09-14T19:41:00","slug":"el-25-de-septiembre-carrera-caminata-de-olimpiadas-especiales","status":"publish","type":"post","link":"https:\/\/sertv.gob.pa\/nacionalfm\/el-25-de-septiembre-carrera-caminata-de-olimpiadas-especiales\/","title":{"rendered":"El 25 de septiembre Carrera-Caminata de Olimpiadas Especiales"},"content":{"rendered":"<p>\nOlimpiadas Especiales Panam\u00e1 realizar\u00e1 por tercer a\u00f1o consecutivo la Carrera-Caminata Adidas, el pr\u00f3ximo domingo 25 de septiembre, por las calles del Casco Antiguo y la Cinta Costera III, con el objeto de recaudar los fondos necesarios para preparar a la delegaci\u00f3n que representar\u00e1 a Panam\u00e1 en los III Juegos Latinoamericanos, 2017 con presencia de m\u00e1s de 800 atletas provenientes de los 20 pa\u00edses de la regi\u00f3n. <\/p>\n<p>Ruta de las plazas, consiste en tres circuitos (5Km, 10Km y Caminantes) que ofrecen un panorama totalmente diferente al que usualmente se puede apreciar en las carreras caminatas, pues &ndash; como lo indica su nombre- recorre las cinco principales plazas de la ciudad m\u00e1s antigua de Panam\u00e1:\u00a0 Plaza Herrera, Plaza catedral, Plaza de Francia, Plaza Bolivar y Plaza V Centenario. <\/p>\n<p>La hora de convocatoria del 25 de septiembre es a las 6:00 a.m., cuando iniciar\u00e1n las sesiones de calentamiento de parte del instructor profesional Abdiel Abdul, de Power Club dando oportunidad de que los corredores est\u00e9n listos en la meta al momento de la partida: 6:30 a.m. <\/p>\n<p>\u00a0 <\/p>\n","protected":false},"excerpt":{"rendered":"<p>Olimpiadas Especiales Panam\u00e1 realizar\u00e1 por tercer a\u00f1o consecutivo la Carrera-Caminata <a href=\"https:\/\/sertv.gob.pa\/nacionalfm\/el-25-de-septiembre-carrera-caminata-de-olimpiadas-especiales\/\"> [&#8230;]<\/a><\/p>\n","protected":false},"author":1,"featured_media":15566,"comment_status":"closed","ping_status":"closed","sticky":false,"template":"","format":"standard","meta":{"footnotes":""},"categories":[4],"tags":[],"class_list":["post-15565","post","type-post","status-publish","format-standard","has-post-thumbnail","hentry","category-deportes"],"_links":{"self":[{"href":"https:\/\/sertv.gob.pa\/nacionalfm\/wp-json\/wp\/v2\/posts\/15565","targetHints":{"allow":["GET"]}}],"collection":[{"href":"https:\/\/sertv.gob.pa\/nacionalfm\/wp-json\/wp\/v2\/posts"}],"about":[{"href":"https:\/\/sertv.gob.pa\/nacionalfm\/wp-json\/wp\/v2\/types\/post"}],"author":[{"embeddable":true,"href":"https:\/\/sertv.gob.pa\/nacionalfm\/wp-json\/wp\/v2\/users\/1"}],"replies":[{"embeddable":true,"href":"https:\/\/sertv.gob.pa\/nacionalfm\/wp-json\/wp\/v2\/comments?post=15565"}],"version-history":[{"count":0,"href":"https:\/\/sertv.gob.pa\/nacionalfm\/wp-json\/wp\/v2\/posts\/15565\/revisions"}],"wp:featuredmedia":[{"embeddable":true,"href":"https:\/\/sertv.gob.pa\/nacionalfm\/wp-json\/wp\/v2\/media\/15566"}],"wp:attachment":[{"href":"https:\/\/sertv.gob.pa\/nacionalfm\/wp-json\/wp\/v2\/media?parent=15565"}],"wp:term":[{"taxonomy":"category","embeddable":true,"href":"https:\/\/sertv.gob.pa\/nacionalfm\/wp-json\/wp\/v2\/categories?post=15565"},{"taxonomy":"post_tag","embeddable":true,"href":"https:\/\/sertv.gob.pa\/nacionalfm\/wp-json\/wp\/v2\/tags?post=15565"}],"curies":[{"name":"wp","href":"https:\/\/api.w.org\/{rel}","templated":true}]}}