{"id":15569,"date":"2016-09-14T20:10:10","date_gmt":"2016-09-14T20:10:10","guid":{"rendered":""},"modified":"2016-09-14T20:10:10","modified_gmt":"2016-09-14T20:10:10","slug":"el-nadador-edgar-crespo-a-campamento-proactive-hervalife","status":"publish","type":"post","link":"https:\/\/sertv.gob.pa\/nacionalfm\/el-nadador-edgar-crespo-a-campamento-proactive-hervalife\/","title":{"rendered":"El nadador Edgar Crespo a campamento Proactive-Hervalife"},"content":{"rendered":"<p>\n El trit\u00f3n paname\u00f1o, Edgar Crespo, ha estado compartiendo sus experiencias de su vida como estudiante y atleta en tres diferentes escuelas p\u00fablicas en los Estados Unidos.  <\/p>\n<p> El nadador fue invitado a Collins Hill High School y Peachtree Ridge High School (en el Condado\/Distrito de Gwinett) y Winder Barrow High School\u00a0 (en el Condado\/Distrito de Barrow).  <\/p>\n<p> Crespo pudo hablar con m\u00e1s de 50 estudiantes y atletas, compartiendo sus experiencias que ha tenido fuera y dentro de las piletas.  <\/p>\n<p> El atleta paname\u00f1o saldr\u00e1 este domingo 18 de septiembre para el campamento Proactive-Herbalife que se llevar\u00e1 acabo en Los \u00c1ngeles, California como preparaci\u00f3n para su pr\u00f3xima temporada octubre-diciembre 2016 con miras al Campeonato Mundial de Piscina Corta en diciembre en Windsor, Canad\u00e1.  <\/p>\n","protected":false},"excerpt":{"rendered":"<p>El trit\u00f3n paname\u00f1o, Edgar Crespo, ha estado compartiendo sus experiencias <a href=\"https:\/\/sertv.gob.pa\/nacionalfm\/el-nadador-edgar-crespo-a-campamento-proactive-hervalife\/\"> [&#8230;]<\/a><\/p>\n","protected":false},"author":1,"featured_media":15570,"comment_status":"closed","ping_status":"closed","sticky":false,"template":"","format":"standard","meta":{"footnotes":""},"categories":[4],"tags":[],"class_list":["post-15569","post","type-post","status-publish","format-standard","has-post-thumbnail","hentry","category-deportes"],"_links":{"self":[{"href":"https:\/\/sertv.gob.pa\/nacionalfm\/wp-json\/wp\/v2\/posts\/15569","targetHints":{"allow":["GET"]}}],"collection":[{"href":"https:\/\/sertv.gob.pa\/nacionalfm\/wp-json\/wp\/v2\/posts"}],"about":[{"href":"https:\/\/sertv.gob.pa\/nacionalfm\/wp-json\/wp\/v2\/types\/post"}],"author":[{"embeddable":true,"href":"https:\/\/sertv.gob.pa\/nacionalfm\/wp-json\/wp\/v2\/users\/1"}],"replies":[{"embeddable":true,"href":"https:\/\/sertv.gob.pa\/nacionalfm\/wp-json\/wp\/v2\/comments?post=15569"}],"version-history":[{"count":0,"href":"https:\/\/sertv.gob.pa\/nacionalfm\/wp-json\/wp\/v2\/posts\/15569\/revisions"}],"wp:featuredmedia":[{"embeddable":true,"href":"https:\/\/sertv.gob.pa\/nacionalfm\/wp-json\/wp\/v2\/media\/15570"}],"wp:attachment":[{"href":"https:\/\/sertv.gob.pa\/nacionalfm\/wp-json\/wp\/v2\/media?parent=15569"}],"wp:term":[{"taxonomy":"category","embeddable":true,"href":"https:\/\/sertv.gob.pa\/nacionalfm\/wp-json\/wp\/v2\/categories?post=15569"},{"taxonomy":"post_tag","embeddable":true,"href":"https:\/\/sertv.gob.pa\/nacionalfm\/wp-json\/wp\/v2\/tags?post=15569"}],"curies":[{"name":"wp","href":"https:\/\/api.w.org\/{rel}","templated":true}]}}