{"id":15637,"date":"2016-09-16T15:59:48","date_gmt":"2016-09-16T15:59:48","guid":{"rendered":""},"modified":"2016-09-16T15:59:48","modified_gmt":"2016-09-16T15:59:48","slug":"en-bocas-del-toro-aumentan-los-casos-de-dengue","status":"publish","type":"post","link":"https:\/\/sertv.gob.pa\/nacionalfm\/en-bocas-del-toro-aumentan-los-casos-de-dengue\/","title":{"rendered":"En Bocas del Toro aumentan los casos de dengue"},"content":{"rendered":"<p>\nDarril Padmore, director provincial del Ministerio de Salud (Minsa) en Bocas del Toro, manifest\u00f3 \u00a0que los casos de dengue han aumentado en las \u00faltimas semanas e hizo un llamado a la poblaci\u00f3n para no bajar la guardia a pesar de que la cifra de casos es menor a la del a\u00f1o pasado a la fecha. <\/p>\n<p>La autoridad de Salud dijo que la cantidad de registrados \u00faltimamente, de continuar con esa tendencia, superar\u00edan f\u00e1cilmente la cifra de 235 del a\u00f1o pasado pues ya van 200 en el actual. <\/p>\n<p>Recalc\u00f3 que la provincia es una de las regiones que presenta menos casos a nivel nacional y habr\u00e1 que redoblar esfuerzos para evitar que aumente la cifra; no obstante, el garante primario de que se controle la situaci\u00f3n es la poblaci\u00f3n que se ayudar\u00eda con solo eliminar los criaderos del mosquito Aedes aegypti, transmisor del dengue, que en ocasiones est\u00e1n en lugares tan inofensivos como bebederos de p\u00e1jaros, perros y floreros lo que significa, que est\u00e1n criando al enemigo dentro del hogar. <\/p>\n<p>Los sitios de mayor incidencia de casos son: Changuinola, Almirante, Guabito y El Empalme, dijo la autoridad de Salud. <\/p>\n<p>\u00a0 <\/p>\n","protected":false},"excerpt":{"rendered":"<p>Darril Padmore, director provincial del Ministerio de Salud (Minsa) en <a href=\"https:\/\/sertv.gob.pa\/nacionalfm\/en-bocas-del-toro-aumentan-los-casos-de-dengue\/\"> [&#8230;]<\/a><\/p>\n","protected":false},"author":1,"featured_media":15638,"comment_status":"closed","ping_status":"closed","sticky":false,"template":"","format":"standard","meta":{"footnotes":""},"categories":[5],"tags":[],"class_list":["post-15637","post","type-post","status-publish","format-standard","has-post-thumbnail","hentry","category-salud"],"_links":{"self":[{"href":"https:\/\/sertv.gob.pa\/nacionalfm\/wp-json\/wp\/v2\/posts\/15637","targetHints":{"allow":["GET"]}}],"collection":[{"href":"https:\/\/sertv.gob.pa\/nacionalfm\/wp-json\/wp\/v2\/posts"}],"about":[{"href":"https:\/\/sertv.gob.pa\/nacionalfm\/wp-json\/wp\/v2\/types\/post"}],"author":[{"embeddable":true,"href":"https:\/\/sertv.gob.pa\/nacionalfm\/wp-json\/wp\/v2\/users\/1"}],"replies":[{"embeddable":true,"href":"https:\/\/sertv.gob.pa\/nacionalfm\/wp-json\/wp\/v2\/comments?post=15637"}],"version-history":[{"count":0,"href":"https:\/\/sertv.gob.pa\/nacionalfm\/wp-json\/wp\/v2\/posts\/15637\/revisions"}],"wp:featuredmedia":[{"embeddable":true,"href":"https:\/\/sertv.gob.pa\/nacionalfm\/wp-json\/wp\/v2\/media\/15638"}],"wp:attachment":[{"href":"https:\/\/sertv.gob.pa\/nacionalfm\/wp-json\/wp\/v2\/media?parent=15637"}],"wp:term":[{"taxonomy":"category","embeddable":true,"href":"https:\/\/sertv.gob.pa\/nacionalfm\/wp-json\/wp\/v2\/categories?post=15637"},{"taxonomy":"post_tag","embeddable":true,"href":"https:\/\/sertv.gob.pa\/nacionalfm\/wp-json\/wp\/v2\/tags?post=15637"}],"curies":[{"name":"wp","href":"https:\/\/api.w.org\/{rel}","templated":true}]}}