{"id":15647,"date":"2016-09-16T19:08:15","date_gmt":"2016-09-16T19:08:15","guid":{"rendered":""},"modified":"2016-09-16T19:08:15","modified_gmt":"2016-09-16T19:08:15","slug":"prepararse-para-una-epidemia-de-microcefalia-recomiendan-cientificos","status":"publish","type":"post","link":"https:\/\/sertv.gob.pa\/nacionalfm\/prepararse-para-una-epidemia-de-microcefalia-recomiendan-cientificos\/","title":{"rendered":"Prepararse para una epidemia de microcefalia recomiendan cient\u00edficos"},"content":{"rendered":"<p>\nCient\u00edficos brasile\u00f1os y brit\u00e1nicos recomiendan prepararse para una \u00abepidemia global\u00bb de  microcefalias  en los pa\u00edses afectados por el  virus Zika , en un estudio que aporta pruebas suplementarias de la existencia de un v\u00ednculo entre este virus y la microcefalia del feto. <\/p>\n<p>\u00abDebemos prepararnos para una epidemia de microcefalias que se extender\u00e1 a todos los pa\u00edses que conocen transmisiones aut\u00f3ctonas del virus Zika y a los pa\u00edses a los que se pueda extender la transmisi\u00f3n\u00bb, escriben los cient\u00edficos como conclusi\u00f3n de un estudio publicado este viernes en la revista m\u00e9dica brit\u00e1nica  The Lancet Infectious Disease s. <\/p>\n<p>Diversos estudios basados sobre todo en series de casos o en trabajos efectuados en laboratorio, han establecido cient\u00edficamente que el virus Zika puede originar microcefalias y otras anomal\u00edas cerebrales en el feto. <\/p>\n<p>Pero ning\u00fan cient\u00edfico hab\u00eda realizado a\u00fan un estudio observacional retrospectivo comparando un grupo de personas afectadas por la enfermedad a un grupo de control, es decir personas no afectadas, \u00a0pero que presentan caracter\u00edsticas similares. <\/p>\n<p>Comparando 32 reci\u00e9n nacidos afectados por microcefalias con 62 no afectados, los cient\u00edficos brasile\u00f1os descubrieron que cerca de la mitad de los primeros daban positivo en un test sobre infecci\u00f3n por el virus Zika, en la sangre o bien en el l\u00edquido cefalorraqu\u00eddeo. Ning\u00fan resultado positivo se registr\u00f3 en los segundos. <\/p>\n<p>Esta \u00abasociaci\u00f3n notable\u00bb llev\u00f3 a los cient\u00edficos a la conclusi\u00f3n de que la epidemia de microcefalias \u00abera el resultado de la infecci\u00f3n cong\u00e9nita por el virus Zika\u00bb. <\/p>\n<p>Aunque s\u00f3lo se trata de resultados preliminares y el estudio prev\u00e9 incluir hasta 600 ni\u00f1os, los cient\u00edficos no dudan en advertir desde ahora contra \u00abla epidemia global\u00bb venidera de microcefalias vinculadas al Zika. <\/p>\n<p>\u00a0 <\/p>\n<p>\u00a0 <\/p>\n","protected":false},"excerpt":{"rendered":"<p>Cient\u00edficos brasile\u00f1os y brit\u00e1nicos recomiendan prepararse para una \u00abepidemia global\u00bb <a href=\"https:\/\/sertv.gob.pa\/nacionalfm\/prepararse-para-una-epidemia-de-microcefalia-recomiendan-cientificos\/\"> [&#8230;]<\/a><\/p>\n","protected":false},"author":1,"featured_media":15648,"comment_status":"closed","ping_status":"closed","sticky":false,"template":"","format":"standard","meta":{"footnotes":""},"categories":[5],"tags":[],"class_list":["post-15647","post","type-post","status-publish","format-standard","has-post-thumbnail","hentry","category-salud"],"_links":{"self":[{"href":"https:\/\/sertv.gob.pa\/nacionalfm\/wp-json\/wp\/v2\/posts\/15647","targetHints":{"allow":["GET"]}}],"collection":[{"href":"https:\/\/sertv.gob.pa\/nacionalfm\/wp-json\/wp\/v2\/posts"}],"about":[{"href":"https:\/\/sertv.gob.pa\/nacionalfm\/wp-json\/wp\/v2\/types\/post"}],"author":[{"embeddable":true,"href":"https:\/\/sertv.gob.pa\/nacionalfm\/wp-json\/wp\/v2\/users\/1"}],"replies":[{"embeddable":true,"href":"https:\/\/sertv.gob.pa\/nacionalfm\/wp-json\/wp\/v2\/comments?post=15647"}],"version-history":[{"count":0,"href":"https:\/\/sertv.gob.pa\/nacionalfm\/wp-json\/wp\/v2\/posts\/15647\/revisions"}],"wp:featuredmedia":[{"embeddable":true,"href":"https:\/\/sertv.gob.pa\/nacionalfm\/wp-json\/wp\/v2\/media\/15648"}],"wp:attachment":[{"href":"https:\/\/sertv.gob.pa\/nacionalfm\/wp-json\/wp\/v2\/media?parent=15647"}],"wp:term":[{"taxonomy":"category","embeddable":true,"href":"https:\/\/sertv.gob.pa\/nacionalfm\/wp-json\/wp\/v2\/categories?post=15647"},{"taxonomy":"post_tag","embeddable":true,"href":"https:\/\/sertv.gob.pa\/nacionalfm\/wp-json\/wp\/v2\/tags?post=15647"}],"curies":[{"name":"wp","href":"https:\/\/api.w.org\/{rel}","templated":true}]}}