{"id":15649,"date":"2016-09-16T22:42:59","date_gmt":"2016-09-16T22:42:59","guid":{"rendered":""},"modified":"2016-09-16T22:42:59","modified_gmt":"2016-09-16T22:42:59","slug":"pierde-chemito-por-la-via-rapida-ante-yamanaka","status":"publish","type":"post","link":"https:\/\/sertv.gob.pa\/nacionalfm\/pierde-chemito-por-la-via-rapida-ante-yamanaka\/","title":{"rendered":"Pierde \u201cChemito\u201d por la v\u00eda r\u00e1pida ante Yamanaka"},"content":{"rendered":"<p>\nEl paname\u00f1o Anselmo &ldquo;Chemito&rdquo; Moreno perdi\u00f3 por K.O.T. ante el japon\u00e9s Shensuke Yamanaka en el s\u00e9ptimo asalto, y de esa manera fracas\u00f3 nuevamente en su intento por coronarse campe\u00f3n gallo del Consejo Mundial de Boxeo. <\/p>\n<p>El paname\u00f1o Anselmo Moreno inici\u00f3 el combate con\u00a0 mucha agresividad en el mismo primer asalto poniendo en malas condiciones al campe\u00f3n, en los \u00faltimos segundos del mencionado asalto se descuid\u00f3 y producto de un gancho de izquierda fue a visitar el enlonado por primera vez en el combate. <\/p>\n<p>&ldquo;Chemito&rdquo; logr\u00f3 derribar a su rival en\u00a0 el tercer asalto, en los asaltos 4, 5 y 6 se dieron interesantes intercambios de golpes con dominio alterno hasta promediando el mismo volvi\u00f3 a caer el paname\u00f1o mediante recto de izquierda. <\/p>\n<p>En el s\u00e9ptimo y \u00faltimo asalto ya se ve\u00eda al paname\u00f1o bastante desgastado y viaj\u00f3 dos veses al tapiz y en la \u00faltima ca\u00edda que fue en una esquina el \u00e1rbitro detuvo el combate sin contar esa ca\u00edda. <\/p>\n<p>Con esta victoria Yamanaka deja su r\u00e9cord inmaculado en 25 victorias, 0 derrota, con 2 empates y 17 K.O., en tanto que el palmar\u00e9s de &ldquo;Chemito&rdquo; Moreno cae a 36 victorias, 5 derrotas, 1 empate con 12 ganadas por la v\u00eda r\u00e1pida. <\/p>\n","protected":false},"excerpt":{"rendered":"<p>El paname\u00f1o Anselmo &ldquo;Chemito&rdquo; Moreno perdi\u00f3 por K.O.T. ante el <a href=\"https:\/\/sertv.gob.pa\/nacionalfm\/pierde-chemito-por-la-via-rapida-ante-yamanaka\/\"> [&#8230;]<\/a><\/p>\n","protected":false},"author":1,"featured_media":15650,"comment_status":"closed","ping_status":"closed","sticky":false,"template":"","format":"standard","meta":{"footnotes":""},"categories":[4],"tags":[],"class_list":["post-15649","post","type-post","status-publish","format-standard","has-post-thumbnail","hentry","category-deportes"],"_links":{"self":[{"href":"https:\/\/sertv.gob.pa\/nacionalfm\/wp-json\/wp\/v2\/posts\/15649","targetHints":{"allow":["GET"]}}],"collection":[{"href":"https:\/\/sertv.gob.pa\/nacionalfm\/wp-json\/wp\/v2\/posts"}],"about":[{"href":"https:\/\/sertv.gob.pa\/nacionalfm\/wp-json\/wp\/v2\/types\/post"}],"author":[{"embeddable":true,"href":"https:\/\/sertv.gob.pa\/nacionalfm\/wp-json\/wp\/v2\/users\/1"}],"replies":[{"embeddable":true,"href":"https:\/\/sertv.gob.pa\/nacionalfm\/wp-json\/wp\/v2\/comments?post=15649"}],"version-history":[{"count":0,"href":"https:\/\/sertv.gob.pa\/nacionalfm\/wp-json\/wp\/v2\/posts\/15649\/revisions"}],"wp:featuredmedia":[{"embeddable":true,"href":"https:\/\/sertv.gob.pa\/nacionalfm\/wp-json\/wp\/v2\/media\/15650"}],"wp:attachment":[{"href":"https:\/\/sertv.gob.pa\/nacionalfm\/wp-json\/wp\/v2\/media?parent=15649"}],"wp:term":[{"taxonomy":"category","embeddable":true,"href":"https:\/\/sertv.gob.pa\/nacionalfm\/wp-json\/wp\/v2\/categories?post=15649"},{"taxonomy":"post_tag","embeddable":true,"href":"https:\/\/sertv.gob.pa\/nacionalfm\/wp-json\/wp\/v2\/tags?post=15649"}],"curies":[{"name":"wp","href":"https:\/\/api.w.org\/{rel}","templated":true}]}}