{"id":15705,"date":"2016-09-19T18:35:21","date_gmt":"2016-09-19T18:35:21","guid":{"rendered":""},"modified":"2016-09-19T18:35:21","modified_gmt":"2016-09-19T18:35:21","slug":"cientificos-desarrollan-pequenos-pulmones-en-probetas","status":"publish","type":"post","link":"https:\/\/sertv.gob.pa\/nacionalfm\/cientificos-desarrollan-pequenos-pulmones-en-probetas\/","title":{"rendered":"Cient\u00edficos desarrollan peque\u00f1os pulmones en probetas"},"content":{"rendered":"<p>\nUn equipo de cient\u00edficos estadounidenses logr\u00f3 con c\u00e9lulas madre desarrollar tejido de pulmones en tres dimensiones en probetas, lo que puede facilitar la investigaci\u00f3n de enfermedades pulmonares m\u00e1s efectivamente. <\/p>\n<p>El trabajo, publicado esta semana por la revista Stem Cells Translational Medicine, asegura que el tejido desarrollado por los especialistas en bioingenier\u00eda constituye a \u00aborganoides\u00bb similares en peque\u00f1o a pulmones humanos. <\/p>\n<p>Los cient\u00edficos, del Centro de Investigaci\u00f3n de C\u00e9lulas Madre de la Universidad de California (UCLA), obtuvieron este tejido recubriendo diminutas part\u00edculas de hidrogel con c\u00e9lulas madre procedentes de pulmones, permiti\u00e9ndoles reorganizarse en la forma de sacos de aire similares a las que presentan los pulmones humanos. <\/p>\n<p>\u00abAunque no hemos creado pulmones totalmente funcionales, hemos podido tomar c\u00e9lulas de pulm\u00f3n y situarlas en la disposici\u00f3n geom\u00e9trica espacial correcta para emular un pulm\u00f3n humano\u00bb, asegur\u00f3 la doctora Brigitte Gomperts, la autora principal del estudio. <\/p>\n<p>Seg\u00fan los expertos del Centro de Investigaci\u00f3n de Medicina Regenerativa y C\u00e9lulas Madre de la UCLA, estos tejidos de pulm\u00f3n desarrollados en probetas pueden ayudar a estudiar enfermedades como la fibrosis pulmonar idiop\u00e1tica, consistente en la cicatrizaci\u00f3n, engrosamiento y endurecimiento de los pulmones, lo que provoca la falta progresiva de ox\u00edgeno y cuyas causas se desconocen. <\/p>\n<p>\u00abLa t\u00e9cnica es muy simple (&#8230;) Podemos desarrollar miles de piezas de tejido reproducibles que asemejan pulmones y contienen las c\u00e9lulas espec\u00edficas de un paciente\u00bb, expres\u00f3 por su lado Dan Wilkinson, del Departamento de Ciencia e Ingenier\u00eda de Materiales y autor del art\u00edculo cient\u00edfico publicado. <\/p>\n<p>\u00a0 <\/p>\n","protected":false},"excerpt":{"rendered":"<p>Un equipo de cient\u00edficos estadounidenses logr\u00f3 con c\u00e9lulas madre desarrollar <a href=\"https:\/\/sertv.gob.pa\/nacionalfm\/cientificos-desarrollan-pequenos-pulmones-en-probetas\/\"> [&#8230;]<\/a><\/p>\n","protected":false},"author":1,"featured_media":15706,"comment_status":"closed","ping_status":"closed","sticky":false,"template":"","format":"standard","meta":{"footnotes":""},"categories":[5],"tags":[],"class_list":["post-15705","post","type-post","status-publish","format-standard","has-post-thumbnail","hentry","category-salud"],"_links":{"self":[{"href":"https:\/\/sertv.gob.pa\/nacionalfm\/wp-json\/wp\/v2\/posts\/15705","targetHints":{"allow":["GET"]}}],"collection":[{"href":"https:\/\/sertv.gob.pa\/nacionalfm\/wp-json\/wp\/v2\/posts"}],"about":[{"href":"https:\/\/sertv.gob.pa\/nacionalfm\/wp-json\/wp\/v2\/types\/post"}],"author":[{"embeddable":true,"href":"https:\/\/sertv.gob.pa\/nacionalfm\/wp-json\/wp\/v2\/users\/1"}],"replies":[{"embeddable":true,"href":"https:\/\/sertv.gob.pa\/nacionalfm\/wp-json\/wp\/v2\/comments?post=15705"}],"version-history":[{"count":0,"href":"https:\/\/sertv.gob.pa\/nacionalfm\/wp-json\/wp\/v2\/posts\/15705\/revisions"}],"wp:featuredmedia":[{"embeddable":true,"href":"https:\/\/sertv.gob.pa\/nacionalfm\/wp-json\/wp\/v2\/media\/15706"}],"wp:attachment":[{"href":"https:\/\/sertv.gob.pa\/nacionalfm\/wp-json\/wp\/v2\/media?parent=15705"}],"wp:term":[{"taxonomy":"category","embeddable":true,"href":"https:\/\/sertv.gob.pa\/nacionalfm\/wp-json\/wp\/v2\/categories?post=15705"},{"taxonomy":"post_tag","embeddable":true,"href":"https:\/\/sertv.gob.pa\/nacionalfm\/wp-json\/wp\/v2\/tags?post=15705"}],"curies":[{"name":"wp","href":"https:\/\/api.w.org\/{rel}","templated":true}]}}