{"id":15707,"date":"2016-09-19T18:37:35","date_gmt":"2016-09-19T18:37:35","guid":{"rendered":""},"modified":"2016-09-19T18:37:35","modified_gmt":"2016-09-19T18:37:35","slug":"casos-de-malaria-se-incrementan","status":"publish","type":"post","link":"https:\/\/sertv.gob.pa\/nacionalfm\/casos-de-malaria-se-incrementan\/","title":{"rendered":"Casos de malaria se incrementan"},"content":{"rendered":"<p>\nSeg\u00fan un informe del Departamento de Epidemiolog\u00eda del Ministerio de Salud (Minsa) un total de 480 casos de malaria se han reportado este a\u00f1o, hasta el pasado 10 de septiembre. <\/p>\n<p>La cifra representa 79 casos m\u00e1s que los registrados durante el mismo per\u00edodo del a\u00f1o pasado, cuando hubo 401 reportados. <\/p>\n<p>Las regiones con mayor incidencia son Panam\u00e1 este, Dari\u00e9n y las comarcas Guna Yala y Ng\u00e4be Bugl\u00e9. <\/p>\n<p>El informe revela igualmente que del total de los casos presentados durante este a\u00f1o, 446 son aut\u00f3ctonos y 36 fueron importados. <\/p>\n<p>Al respecto, el ministro de Salud, Miguel Mayo, explic\u00f3 que en las \u00faltimas semanas se detectaron al menos tres pacientes con malaria en \u00a0migrantes que permanecen en albergues en la provincia de Dari\u00e9n. <\/p>\n<p>No obstante, expres\u00f3 que &ldquo;no consideramos que sea una enfermedad que los migrantes est\u00e9n trayendo&rdquo;, y a\u00f1adi\u00f3 que se est\u00e1 aumentando el pie de fuerza con personal del Minsa para tratar de disminuir la malaria, que es una enfermedad prevalente en esa regi\u00f3n. <\/p>\n<p>Mayo tambi\u00e9n dio a conocer que todos los migrantes que est\u00e1n entrando por Dari\u00e9n son atendidos por el Minsa, como parte de \u00a0la asistencia humanitaria que ofrece el pa\u00eds a estas personas. <\/p>\n<p>&ldquo;Estamos vacunando a todos los migrantes que entran en nuestro territorio y los estamos manteniendo all\u00e1 los d\u00edas necesarios para que las vacunas hagan su efecto y ellos puedan continuar con su tr\u00e1nsito&rdquo;, indic\u00f3. <\/p>\n<p>La malaria es una enfermedad potencialmente mortal, ocasionada por un par\u00e1sito que se transmite a los humanos a trav\u00e9s de la picadura del mosquito  Anopheles . <\/p>\n<p>\u00a0 <\/p>\n","protected":false},"excerpt":{"rendered":"<p>Seg\u00fan un informe del Departamento de Epidemiolog\u00eda del Ministerio de <a href=\"https:\/\/sertv.gob.pa\/nacionalfm\/casos-de-malaria-se-incrementan\/\"> [&#8230;]<\/a><\/p>\n","protected":false},"author":1,"featured_media":15708,"comment_status":"closed","ping_status":"closed","sticky":false,"template":"","format":"standard","meta":{"footnotes":""},"categories":[5],"tags":[],"class_list":["post-15707","post","type-post","status-publish","format-standard","has-post-thumbnail","hentry","category-salud"],"_links":{"self":[{"href":"https:\/\/sertv.gob.pa\/nacionalfm\/wp-json\/wp\/v2\/posts\/15707","targetHints":{"allow":["GET"]}}],"collection":[{"href":"https:\/\/sertv.gob.pa\/nacionalfm\/wp-json\/wp\/v2\/posts"}],"about":[{"href":"https:\/\/sertv.gob.pa\/nacionalfm\/wp-json\/wp\/v2\/types\/post"}],"author":[{"embeddable":true,"href":"https:\/\/sertv.gob.pa\/nacionalfm\/wp-json\/wp\/v2\/users\/1"}],"replies":[{"embeddable":true,"href":"https:\/\/sertv.gob.pa\/nacionalfm\/wp-json\/wp\/v2\/comments?post=15707"}],"version-history":[{"count":0,"href":"https:\/\/sertv.gob.pa\/nacionalfm\/wp-json\/wp\/v2\/posts\/15707\/revisions"}],"wp:featuredmedia":[{"embeddable":true,"href":"https:\/\/sertv.gob.pa\/nacionalfm\/wp-json\/wp\/v2\/media\/15708"}],"wp:attachment":[{"href":"https:\/\/sertv.gob.pa\/nacionalfm\/wp-json\/wp\/v2\/media?parent=15707"}],"wp:term":[{"taxonomy":"category","embeddable":true,"href":"https:\/\/sertv.gob.pa\/nacionalfm\/wp-json\/wp\/v2\/categories?post=15707"},{"taxonomy":"post_tag","embeddable":true,"href":"https:\/\/sertv.gob.pa\/nacionalfm\/wp-json\/wp\/v2\/tags?post=15707"}],"curies":[{"name":"wp","href":"https:\/\/api.w.org\/{rel}","templated":true}]}}