{"id":15717,"date":"2016-09-19T20:36:35","date_gmt":"2016-09-19T20:36:35","guid":{"rendered":""},"modified":"2016-09-19T20:36:35","modified_gmt":"2016-09-19T20:36:35","slug":"correcaminos-ganan-en-liga-panamena-de-baloncesto-femenino","status":"publish","type":"post","link":"https:\/\/sertv.gob.pa\/nacionalfm\/correcaminos-ganan-en-liga-panamena-de-baloncesto-femenino\/","title":{"rendered":"Correcaminos ganan en Liga Paname\u00f1a de Baloncesto Femenino"},"content":{"rendered":"<p>\nLa segunda semana de la segunda temporada de la Liga Paname\u00f1a de Baloncesto Femenino y que tuvo como sede la Arena Alfonso Te\u00f3filo &ldquo;Panam\u00e1 &ldquo; Al Brown de la Costa Atl\u00e1ntica de Col\u00f3n y en el \u00fanico encuentro de la jornada del pasado s\u00e1bado, \u00a0Los Correcaminos de Col\u00f3n superaron por tablero de 62 por 50 al quinteto de la \u00c1guilas de R\u00edo Abajo. <\/p>\n<p>Las mejores a la ofensiva por las Correcaminos de Col\u00f3n fueron G\u00e9nesis Alvarea con 19 puntos y cinco rebotes seguidas de \u00a0Yomaira Vargas con 16 tantos y siete rebotes; Keisha Chambers con 9 unidades y fue la l\u00edder debajo de los tableros con 10 rebotes, 8 de ellos fueron defensivos. <\/p>\n<p>Las Aguilas de R\u00edo Abajo, las m\u00e1s destacadas Ang\u00e9lica Racine con 17 puntos y siete rebotes, Tayina Ellis con 15 tantos y la mejor en los rebotes con quince, doce de ellos con doce y Katie Caicedo con 11. <\/p>\n<p>\u00a0 <\/p>\n","protected":false},"excerpt":{"rendered":"<p>La segunda semana de la segunda temporada de la Liga <a href=\"https:\/\/sertv.gob.pa\/nacionalfm\/correcaminos-ganan-en-liga-panamena-de-baloncesto-femenino\/\"> [&#8230;]<\/a><\/p>\n","protected":false},"author":1,"featured_media":15718,"comment_status":"closed","ping_status":"closed","sticky":false,"template":"","format":"standard","meta":{"footnotes":""},"categories":[4],"tags":[],"class_list":["post-15717","post","type-post","status-publish","format-standard","has-post-thumbnail","hentry","category-deportes"],"_links":{"self":[{"href":"https:\/\/sertv.gob.pa\/nacionalfm\/wp-json\/wp\/v2\/posts\/15717","targetHints":{"allow":["GET"]}}],"collection":[{"href":"https:\/\/sertv.gob.pa\/nacionalfm\/wp-json\/wp\/v2\/posts"}],"about":[{"href":"https:\/\/sertv.gob.pa\/nacionalfm\/wp-json\/wp\/v2\/types\/post"}],"author":[{"embeddable":true,"href":"https:\/\/sertv.gob.pa\/nacionalfm\/wp-json\/wp\/v2\/users\/1"}],"replies":[{"embeddable":true,"href":"https:\/\/sertv.gob.pa\/nacionalfm\/wp-json\/wp\/v2\/comments?post=15717"}],"version-history":[{"count":0,"href":"https:\/\/sertv.gob.pa\/nacionalfm\/wp-json\/wp\/v2\/posts\/15717\/revisions"}],"wp:featuredmedia":[{"embeddable":true,"href":"https:\/\/sertv.gob.pa\/nacionalfm\/wp-json\/wp\/v2\/media\/15718"}],"wp:attachment":[{"href":"https:\/\/sertv.gob.pa\/nacionalfm\/wp-json\/wp\/v2\/media?parent=15717"}],"wp:term":[{"taxonomy":"category","embeddable":true,"href":"https:\/\/sertv.gob.pa\/nacionalfm\/wp-json\/wp\/v2\/categories?post=15717"},{"taxonomy":"post_tag","embeddable":true,"href":"https:\/\/sertv.gob.pa\/nacionalfm\/wp-json\/wp\/v2\/tags?post=15717"}],"curies":[{"name":"wp","href":"https:\/\/api.w.org\/{rel}","templated":true}]}}