{"id":15725,"date":"2016-09-20T15:18:57","date_gmt":"2016-09-20T15:18:57","guid":{"rendered":""},"modified":"2016-09-20T15:18:57","modified_gmt":"2016-09-20T15:18:57","slug":"lpb-extiende-fecha-tope-para-contratar-refuerzos-extranjeros","status":"publish","type":"post","link":"https:\/\/sertv.gob.pa\/nacionalfm\/lpb-extiende-fecha-tope-para-contratar-refuerzos-extranjeros\/","title":{"rendered":"LPB extiende fecha tope para contratar refuerzos extranjeros"},"content":{"rendered":"<p>\n La Liga Profesional de Baloncesto, la Federaci\u00f3n Paname\u00f1a de Baloncesto y directivos de los equipos, decidieron \u00a0con el fin de mantener el nivel t\u00e9cnico del torneo, extender hasta el 30 de octubre la fecha l\u00edmite para que las seis franquicias contraten a su refuerzo extranjero.  <\/p>\n<p> En primera instancia la junta directiva de la LPB, que preside Adolfo Valderrama, la FEPABA, que dirige Jair Peralta y due\u00f1os franquicias acordaron que los quintetos solo tendr\u00edan hasta la s\u00e9ptima semana contar con los servicios del refuerzo extranjero, sin embargo luego de reunirse ayer decidieron alargar ese plazo.  <\/p>\n<p> La decisi\u00f3n se tom\u00f3 tras una votaci\u00f3n en la que estaban presentes la mayor\u00eda de los equipos, que por segundo a\u00f1o consecutivo participan en la LPB.  <\/p>\n<p> La extensi\u00f3n de la fecha le permite a los quintetos fichar un nuevo refuerzo, sustituir al que ya han utilizado o al que utilicen antes del domingo 30 de octubre, d\u00eda en que debe jugarse el partido que cierra la fecha 14 de la ronda regular, la pen\u00faltima de las 15 jornadas que tiene el calendario.  <\/p>\n<p> \u00a0  <\/p>\n","protected":false},"excerpt":{"rendered":"<p>La Liga Profesional de Baloncesto, la Federaci\u00f3n Paname\u00f1a de Baloncesto <a href=\"https:\/\/sertv.gob.pa\/nacionalfm\/lpb-extiende-fecha-tope-para-contratar-refuerzos-extranjeros\/\"> [&#8230;]<\/a><\/p>\n","protected":false},"author":1,"featured_media":15726,"comment_status":"closed","ping_status":"closed","sticky":false,"template":"","format":"standard","meta":{"footnotes":""},"categories":[4],"tags":[],"class_list":["post-15725","post","type-post","status-publish","format-standard","has-post-thumbnail","hentry","category-deportes"],"_links":{"self":[{"href":"https:\/\/sertv.gob.pa\/nacionalfm\/wp-json\/wp\/v2\/posts\/15725","targetHints":{"allow":["GET"]}}],"collection":[{"href":"https:\/\/sertv.gob.pa\/nacionalfm\/wp-json\/wp\/v2\/posts"}],"about":[{"href":"https:\/\/sertv.gob.pa\/nacionalfm\/wp-json\/wp\/v2\/types\/post"}],"author":[{"embeddable":true,"href":"https:\/\/sertv.gob.pa\/nacionalfm\/wp-json\/wp\/v2\/users\/1"}],"replies":[{"embeddable":true,"href":"https:\/\/sertv.gob.pa\/nacionalfm\/wp-json\/wp\/v2\/comments?post=15725"}],"version-history":[{"count":0,"href":"https:\/\/sertv.gob.pa\/nacionalfm\/wp-json\/wp\/v2\/posts\/15725\/revisions"}],"wp:featuredmedia":[{"embeddable":true,"href":"https:\/\/sertv.gob.pa\/nacionalfm\/wp-json\/wp\/v2\/media\/15726"}],"wp:attachment":[{"href":"https:\/\/sertv.gob.pa\/nacionalfm\/wp-json\/wp\/v2\/media?parent=15725"}],"wp:term":[{"taxonomy":"category","embeddable":true,"href":"https:\/\/sertv.gob.pa\/nacionalfm\/wp-json\/wp\/v2\/categories?post=15725"},{"taxonomy":"post_tag","embeddable":true,"href":"https:\/\/sertv.gob.pa\/nacionalfm\/wp-json\/wp\/v2\/tags?post=15725"}],"curies":[{"name":"wp","href":"https:\/\/api.w.org\/{rel}","templated":true}]}}