{"id":15729,"date":"2016-09-20T15:41:41","date_gmt":"2016-09-20T15:41:41","guid":{"rendered":""},"modified":"2016-09-20T15:41:41","modified_gmt":"2016-09-20T15:41:41","slug":"casos-del-virus-sincitial-en-chiriqui-son-confirmados","status":"publish","type":"post","link":"https:\/\/sertv.gob.pa\/nacionalfm\/casos-del-virus-sincitial-en-chiriqui-son-confirmados\/","title":{"rendered":"Casos del virus Sincitial en Chiriqu\u00ed son confirmados"},"content":{"rendered":"<p>\nErika Fergunson, epidemi\u00f3loga del Ministerio de Salud en la provincia de Chiriqu\u00ed, confirm\u00f3 que se han registrado varios casos del virus respiratorio sincitial en el hospital materno infantil Jos\u00e9 Domingo de Obald\u00eda, seg\u00fan reportes obtenidos por la Unidad Centinela de Influenza\u00a0 que opera en este nosocomio. <\/p>\n<p>La epidemi\u00f3loga asegur\u00f3 que en el presente mes se ha reportado el mayor caso de n\u00fameros del virus en pacientes menores de un mes,\u00a0 lo que ha requerido su hospitalizaci\u00f3n para evitar complicaciones. <\/p>\n<p>&ldquo;Los ni\u00f1os menores de un mes, prematuros o comprometidos con otras enfermedades son los de m\u00e1s alto riesgo y una vez que llegan al hospital son tratados con medicamentos, ya que no existe una vacuna para esta enfermedad&rdquo;, afirm\u00f3 la doctora Fergunson <\/p>\n<p>No obstante, indic\u00f3 que el a\u00f1o pasado (2015) el mayor n\u00famero de casos se registraron en el mes de junio y julio, todo lo contrario a lo que se registra este a\u00f1o que los niveles aumentaron durante este mes de septiembre. <\/p>\n<p>La doctora Fergunson asegur\u00f3 que este virus causa s\u00edndrome gripal y puede provocar insuficiencia respiratorias graves en algunos casos, en especial en los ni\u00f1os menores de un a\u00f1o, en especial los reci\u00e9n nacidos que tengan alguna afectaci\u00f3n respiratoria (asm\u00e1ticos) o factores de riesgo. <\/p>\n<p>\u00a0Expres\u00f3 que los s\u00edntomas son comunes a los gripales, fiebre, tos, congesti\u00f3n nasal, dolor de cabeza y molestar general. Sin embargo, aclar\u00f3 que el virus Sincitial respiratorio circula en el pa\u00eds durante todo el a\u00f1o, pero en la \u00e9poca lluviosa es cuando m\u00e1s casos se registran. <\/p>\n<p>\u00a0Agreg\u00f3 que tienden a mejorar con reposos, l\u00edquidos, acetaminof\u00e9n y en ocasiones se requiere antiviral. <\/p>\n<p>\u00a0 <\/p>\n","protected":false},"excerpt":{"rendered":"<p>Erika Fergunson, epidemi\u00f3loga del Ministerio de Salud en la provincia <a href=\"https:\/\/sertv.gob.pa\/nacionalfm\/casos-del-virus-sincitial-en-chiriqui-son-confirmados\/\"> [&#8230;]<\/a><\/p>\n","protected":false},"author":1,"featured_media":15730,"comment_status":"closed","ping_status":"closed","sticky":false,"template":"","format":"standard","meta":{"footnotes":""},"categories":[5],"tags":[],"class_list":["post-15729","post","type-post","status-publish","format-standard","has-post-thumbnail","hentry","category-salud"],"_links":{"self":[{"href":"https:\/\/sertv.gob.pa\/nacionalfm\/wp-json\/wp\/v2\/posts\/15729","targetHints":{"allow":["GET"]}}],"collection":[{"href":"https:\/\/sertv.gob.pa\/nacionalfm\/wp-json\/wp\/v2\/posts"}],"about":[{"href":"https:\/\/sertv.gob.pa\/nacionalfm\/wp-json\/wp\/v2\/types\/post"}],"author":[{"embeddable":true,"href":"https:\/\/sertv.gob.pa\/nacionalfm\/wp-json\/wp\/v2\/users\/1"}],"replies":[{"embeddable":true,"href":"https:\/\/sertv.gob.pa\/nacionalfm\/wp-json\/wp\/v2\/comments?post=15729"}],"version-history":[{"count":0,"href":"https:\/\/sertv.gob.pa\/nacionalfm\/wp-json\/wp\/v2\/posts\/15729\/revisions"}],"wp:featuredmedia":[{"embeddable":true,"href":"https:\/\/sertv.gob.pa\/nacionalfm\/wp-json\/wp\/v2\/media\/15730"}],"wp:attachment":[{"href":"https:\/\/sertv.gob.pa\/nacionalfm\/wp-json\/wp\/v2\/media?parent=15729"}],"wp:term":[{"taxonomy":"category","embeddable":true,"href":"https:\/\/sertv.gob.pa\/nacionalfm\/wp-json\/wp\/v2\/categories?post=15729"},{"taxonomy":"post_tag","embeddable":true,"href":"https:\/\/sertv.gob.pa\/nacionalfm\/wp-json\/wp\/v2\/tags?post=15729"}],"curies":[{"name":"wp","href":"https:\/\/api.w.org\/{rel}","templated":true}]}}