{"id":15731,"date":"2016-09-20T15:47:54","date_gmt":"2016-09-20T15:47:54","guid":{"rendered":""},"modified":"2016-09-20T15:47:54","modified_gmt":"2016-09-20T15:47:54","slug":"juez-guillermo-perez-pineda-actuara-en-pelea-de-titulo-mundial","status":"publish","type":"post","link":"https:\/\/sertv.gob.pa\/nacionalfm\/juez-guillermo-perez-pineda-actuara-en-pelea-de-titulo-mundial\/","title":{"rendered":"Juez Guillermo P\u00e9rez Pineda actuar\u00e1 en pelea de t\u00edtulo mundial"},"content":{"rendered":"<p>\nEl juez-\u00e1rbitro paname\u00f1o Guillermo P\u00e9rez Pineda actuar\u00e1 el pr\u00f3ximo s\u00e1bado 24 de septiembre como juez en el encuentro de t\u00edtulo ligero de la Asociaci\u00f3n Mundial de Boxeo, entre Anthony Crolla y el campe\u00f3n venezolano Jorge &ldquo;El Ni\u00f1o de Oro Venezolano&rdquo; Linares, en Manchester, Inglaterra. <\/p>\n<p>Acompa\u00f1ar\u00e1n como jueces al paname\u00f1o Pineda, John Keane del Reino Unido y Fernando Barbosa de Estados Unidos, el tercer hombre del cuadril\u00e1tero ser\u00e1 el brit\u00e1nico Terry O\u00b4Connor.\u00a0 El supervisor del encuentro ser\u00e1 el canadiense George Mart\u00ednez. <\/p>\n","protected":false},"excerpt":{"rendered":"<p>El juez-\u00e1rbitro paname\u00f1o Guillermo P\u00e9rez Pineda actuar\u00e1 el pr\u00f3ximo s\u00e1bado <a href=\"https:\/\/sertv.gob.pa\/nacionalfm\/juez-guillermo-perez-pineda-actuara-en-pelea-de-titulo-mundial\/\"> [&#8230;]<\/a><\/p>\n","protected":false},"author":1,"featured_media":15732,"comment_status":"closed","ping_status":"closed","sticky":false,"template":"","format":"standard","meta":{"footnotes":""},"categories":[4],"tags":[],"class_list":["post-15731","post","type-post","status-publish","format-standard","has-post-thumbnail","hentry","category-deportes"],"_links":{"self":[{"href":"https:\/\/sertv.gob.pa\/nacionalfm\/wp-json\/wp\/v2\/posts\/15731","targetHints":{"allow":["GET"]}}],"collection":[{"href":"https:\/\/sertv.gob.pa\/nacionalfm\/wp-json\/wp\/v2\/posts"}],"about":[{"href":"https:\/\/sertv.gob.pa\/nacionalfm\/wp-json\/wp\/v2\/types\/post"}],"author":[{"embeddable":true,"href":"https:\/\/sertv.gob.pa\/nacionalfm\/wp-json\/wp\/v2\/users\/1"}],"replies":[{"embeddable":true,"href":"https:\/\/sertv.gob.pa\/nacionalfm\/wp-json\/wp\/v2\/comments?post=15731"}],"version-history":[{"count":0,"href":"https:\/\/sertv.gob.pa\/nacionalfm\/wp-json\/wp\/v2\/posts\/15731\/revisions"}],"wp:featuredmedia":[{"embeddable":true,"href":"https:\/\/sertv.gob.pa\/nacionalfm\/wp-json\/wp\/v2\/media\/15732"}],"wp:attachment":[{"href":"https:\/\/sertv.gob.pa\/nacionalfm\/wp-json\/wp\/v2\/media?parent=15731"}],"wp:term":[{"taxonomy":"category","embeddable":true,"href":"https:\/\/sertv.gob.pa\/nacionalfm\/wp-json\/wp\/v2\/categories?post=15731"},{"taxonomy":"post_tag","embeddable":true,"href":"https:\/\/sertv.gob.pa\/nacionalfm\/wp-json\/wp\/v2\/tags?post=15731"}],"curies":[{"name":"wp","href":"https:\/\/api.w.org\/{rel}","templated":true}]}}