{"id":15733,"date":"2016-09-20T15:48:24","date_gmt":"2016-09-20T15:48:24","guid":{"rendered":""},"modified":"2016-09-20T15:48:24","modified_gmt":"2016-09-20T15:48:24","slug":"la-artritis-tiene-control","status":"publish","type":"post","link":"https:\/\/sertv.gob.pa\/nacionalfm\/la-artritis-tiene-control\/","title":{"rendered":"La artritis tiene control"},"content":{"rendered":"<p>\nEl paciente con  artritis  tiende a pensar, err\u00f3neamente, que de dolor nadie se muere. Nada m\u00e1s lejos de la realidad. La artritis, al ser una enfermedad autoinmune que conlleva a la inflamaci\u00f3n de las estructuras de la articulaci\u00f3n (como cart\u00edlagos, tendones y ligamentos), igualmente puede ocasionar afectaciones serias que pueden ser mortales. <\/p>\n<p>As\u00ed lo afirma la farmac\u00e9utica Enma Pinz\u00f3n de Torres, vicepresidenta de la  Fundaci\u00f3n Nacional de Artritis Reumatoide de Panam\u00e1  (Funarp), organizaci\u00f3n que este 24 de septiembre estar\u00e1 realizando la d\u00e9cima  Jornada Nacional de la Funarp , en el hotel Marriott, desde las 8:00 a.m. <\/p>\n<p>En la jornada, que se celebra para conmemorar el \u00a0 D\u00eda Nacional de la Artritis  (30 de septiembre), se expondr\u00e1n charlas vinculadas a las consecuencias de la artritis en otros \u00f3rganos no articulares, el papel de la mente positiva como mecanismo de apoyo a la persona con  dolor cr\u00f3nico , as\u00ed como el ejercicio apropiado como herramienta para el paciente artr\u00edtico. <\/p>\n<p>El evento tiene como fin &ldquo;dar a conocer a las personas que sufren de artritis, familiares y p\u00fablico en general, los da\u00f1os extraarticulares que se dan con esta enfermedad, ya que es muy com\u00fan creer que solo causa dolor en los huesos&rdquo;, plantea Pinz\u00f3n de Torres, quien adem\u00e1s es paciente de esta enfermedad desde hace 25 a\u00f1os. <\/p>\n<p>A trav\u00e9s de la jornada tambi\u00e9n se dar\u00e1 a conocer la labor de la  Funarp  a favor de los pacientes. <\/p>\n<p>Se estima que el  1% de la poblaci\u00f3n paname\u00f1a padece artritis, es decir, unas 40 mil personas . <\/p>\n<p>\u00a0 <\/p>\n<p>\u00a0 <\/p>\n","protected":false},"excerpt":{"rendered":"<p>El paciente con artritis tiende a pensar, err\u00f3neamente, que de <a href=\"https:\/\/sertv.gob.pa\/nacionalfm\/la-artritis-tiene-control\/\"> [&#8230;]<\/a><\/p>\n","protected":false},"author":1,"featured_media":15734,"comment_status":"closed","ping_status":"closed","sticky":false,"template":"","format":"standard","meta":{"footnotes":""},"categories":[5],"tags":[],"class_list":["post-15733","post","type-post","status-publish","format-standard","has-post-thumbnail","hentry","category-salud"],"_links":{"self":[{"href":"https:\/\/sertv.gob.pa\/nacionalfm\/wp-json\/wp\/v2\/posts\/15733","targetHints":{"allow":["GET"]}}],"collection":[{"href":"https:\/\/sertv.gob.pa\/nacionalfm\/wp-json\/wp\/v2\/posts"}],"about":[{"href":"https:\/\/sertv.gob.pa\/nacionalfm\/wp-json\/wp\/v2\/types\/post"}],"author":[{"embeddable":true,"href":"https:\/\/sertv.gob.pa\/nacionalfm\/wp-json\/wp\/v2\/users\/1"}],"replies":[{"embeddable":true,"href":"https:\/\/sertv.gob.pa\/nacionalfm\/wp-json\/wp\/v2\/comments?post=15733"}],"version-history":[{"count":0,"href":"https:\/\/sertv.gob.pa\/nacionalfm\/wp-json\/wp\/v2\/posts\/15733\/revisions"}],"wp:featuredmedia":[{"embeddable":true,"href":"https:\/\/sertv.gob.pa\/nacionalfm\/wp-json\/wp\/v2\/media\/15734"}],"wp:attachment":[{"href":"https:\/\/sertv.gob.pa\/nacionalfm\/wp-json\/wp\/v2\/media?parent=15733"}],"wp:term":[{"taxonomy":"category","embeddable":true,"href":"https:\/\/sertv.gob.pa\/nacionalfm\/wp-json\/wp\/v2\/categories?post=15733"},{"taxonomy":"post_tag","embeddable":true,"href":"https:\/\/sertv.gob.pa\/nacionalfm\/wp-json\/wp\/v2\/tags?post=15733"}],"curies":[{"name":"wp","href":"https:\/\/api.w.org\/{rel}","templated":true}]}}