{"id":15749,"date":"2016-09-20T19:59:35","date_gmt":"2016-09-20T19:59:35","guid":{"rendered":""},"modified":"2016-09-20T19:59:35","modified_gmt":"2016-09-20T19:59:35","slug":"realizan-ii-torneo-internacional-de-karate-inclusivo","status":"publish","type":"post","link":"https:\/\/sertv.gob.pa\/nacionalfm\/realizan-ii-torneo-internacional-de-karate-inclusivo\/","title":{"rendered":"Realizan II Torneo Internacional de Karate Inclusivo"},"content":{"rendered":"<p>\n La Federaci\u00f3n\u00a0 Paname\u00f1a de Karate, FUNDESEN con el auspicio del Instituto Paname\u00f1o de Deportes, llevar\u00e1n a cabo el pr\u00f3ximo 24 de septiembre la inauguraci\u00f3n formal del II Torneo Internacional de Karate Inclusivo, Copa Celsia.  \u00a0    <\/p>\n<p> El   certamen constar\u00e1   de 74   categor\u00edas  ,   dividas   en   cuatro niveles   &#8211;  novatos  ,   intermedios  ,   avanzados   y   cintas negras  , con   modalidades como   Kata y   Kumite (combate)   y con m\u00e1s de 17 delegaciones entre estas representantes de B\u00e9lgica, Estados Unidos, Italia, Francia, Colombia, M\u00e9xico entre otras.  <\/p>\n<p> En este torneo se busca inclusive, que los ganadores puedan conseguir cupos para los pr\u00f3ximos Juegos Ol\u00edmpicos en la disciplina del karate.    <\/p>\n<p> \u00a0  <\/p>\n","protected":false},"excerpt":{"rendered":"<p>La Federaci\u00f3n\u00a0 Paname\u00f1a de Karate, FUNDESEN con el auspicio del <a href=\"https:\/\/sertv.gob.pa\/nacionalfm\/realizan-ii-torneo-internacional-de-karate-inclusivo\/\"> [&#8230;]<\/a><\/p>\n","protected":false},"author":1,"featured_media":15750,"comment_status":"closed","ping_status":"closed","sticky":false,"template":"","format":"standard","meta":{"footnotes":""},"categories":[4],"tags":[],"class_list":["post-15749","post","type-post","status-publish","format-standard","has-post-thumbnail","hentry","category-deportes"],"_links":{"self":[{"href":"https:\/\/sertv.gob.pa\/nacionalfm\/wp-json\/wp\/v2\/posts\/15749","targetHints":{"allow":["GET"]}}],"collection":[{"href":"https:\/\/sertv.gob.pa\/nacionalfm\/wp-json\/wp\/v2\/posts"}],"about":[{"href":"https:\/\/sertv.gob.pa\/nacionalfm\/wp-json\/wp\/v2\/types\/post"}],"author":[{"embeddable":true,"href":"https:\/\/sertv.gob.pa\/nacionalfm\/wp-json\/wp\/v2\/users\/1"}],"replies":[{"embeddable":true,"href":"https:\/\/sertv.gob.pa\/nacionalfm\/wp-json\/wp\/v2\/comments?post=15749"}],"version-history":[{"count":0,"href":"https:\/\/sertv.gob.pa\/nacionalfm\/wp-json\/wp\/v2\/posts\/15749\/revisions"}],"wp:featuredmedia":[{"embeddable":true,"href":"https:\/\/sertv.gob.pa\/nacionalfm\/wp-json\/wp\/v2\/media\/15750"}],"wp:attachment":[{"href":"https:\/\/sertv.gob.pa\/nacionalfm\/wp-json\/wp\/v2\/media?parent=15749"}],"wp:term":[{"taxonomy":"category","embeddable":true,"href":"https:\/\/sertv.gob.pa\/nacionalfm\/wp-json\/wp\/v2\/categories?post=15749"},{"taxonomy":"post_tag","embeddable":true,"href":"https:\/\/sertv.gob.pa\/nacionalfm\/wp-json\/wp\/v2\/tags?post=15749"}],"curies":[{"name":"wp","href":"https:\/\/api.w.org\/{rel}","templated":true}]}}