{"id":15751,"date":"2016-09-20T20:30:04","date_gmt":"2016-09-20T20:30:04","guid":{"rendered":""},"modified":"2016-09-20T20:30:04","modified_gmt":"2016-09-20T20:30:04","slug":"pandeportes-agasaja-a-campeonas-mundiales-de-flag-football","status":"publish","type":"post","link":"https:\/\/sertv.gob.pa\/nacionalfm\/pandeportes-agasaja-a-campeonas-mundiales-de-flag-football\/","title":{"rendered":"PANDEPORTES agasaja a campeonas mundiales de Flag Football"},"content":{"rendered":"<p>\n El Instituto Paname\u00f1o de Deportes agasaj\u00f3 al equipo femenino paname\u00f1o que gan\u00f3 el Campeonato Mundial de Flag Football que se llev\u00f3 a cabo en Miami, Florida, Estados Unidos.  <\/p>\n<p> El director general de Pandeportes, Roberto Arango, junto a la directora t\u00e9cnica de Deportes y Recreaci\u00f3n, Ana de Gir\u00f3n, recibieron a las reinas mundiales del &ldquo;flag&rdquo;, quienes estuvieron acompa\u00f1adas con parte de la directiva de la Asociaci\u00f3n de F\u00fatbol Americano de Panam\u00e1 (AFFP).   <\/p>\n<p> Arango felicit\u00f3 a las chicas por lograr esta haza\u00f1a hist\u00f3rica para Panam\u00e1 que conquista por primera vez una cita mundialista y a su vez, se comprometi\u00f3 en dar mayor apoyo a este deporte.   <\/p>\n<p> El m\u00e1ximo jerarca de la entidad que rige el deporte paname\u00f1o adelant\u00f3 que har\u00e1 los tr\u00e1mites para la construcci\u00f3n de un estadio de f\u00fatbol americano, que por iniciativa de la AFFP llevar\u00e1 el nombre de Emilio Royo.   <\/p>\n<p> &ldquo;Sabemos que el patronato de la Asociaci\u00f3n tiene unos terrenos\u00a0 cerca del Rod Carew y all\u00ed se har\u00e1n los estudios para la construcci\u00f3n&rdquo;, coment\u00f3 Arango.   <\/p>\n<p> Igualmente, las campeonas del mundo ser\u00e1n incluidas en el programa de &ldquo;Estimulo Deportivo&rdquo; que otorga a Pandeportes, bajo el rengl\u00f3n de Talento Deportivo, por lo cual recibir\u00e1n la suma de 200 balboas mensuales, esto a partir de la fecha hasta el mes de diciembre; mientras que a partir del pr\u00f3ximo a\u00f1o, se aumentar\u00e1 el apoyo econ\u00f3mico de acuerdo a la evaluaci\u00f3n t\u00e9cnica de cada una de la chicas por parte de la AFFP y la entidad gubernamental (PANDEPORTES).   <\/p>\n<p> Adem\u00e1s la instituci\u00f3n cumplir\u00e1 en garantizar el espacio para el entrenamiento y torneos de flag football, el uso por parte de las jugadoras de la selecci\u00f3n nacional tanto del Centro de Alto Rendimiento (CEARE) y el Centro de Medicina Deportiva (CEMED).\u00a0  <\/p>\n","protected":false},"excerpt":{"rendered":"<p>El Instituto Paname\u00f1o de Deportes agasaj\u00f3 al equipo femenino paname\u00f1o <a href=\"https:\/\/sertv.gob.pa\/nacionalfm\/pandeportes-agasaja-a-campeonas-mundiales-de-flag-football\/\"> [&#8230;]<\/a><\/p>\n","protected":false},"author":1,"featured_media":15752,"comment_status":"closed","ping_status":"closed","sticky":false,"template":"","format":"standard","meta":{"footnotes":""},"categories":[4],"tags":[],"class_list":["post-15751","post","type-post","status-publish","format-standard","has-post-thumbnail","hentry","category-deportes"],"_links":{"self":[{"href":"https:\/\/sertv.gob.pa\/nacionalfm\/wp-json\/wp\/v2\/posts\/15751","targetHints":{"allow":["GET"]}}],"collection":[{"href":"https:\/\/sertv.gob.pa\/nacionalfm\/wp-json\/wp\/v2\/posts"}],"about":[{"href":"https:\/\/sertv.gob.pa\/nacionalfm\/wp-json\/wp\/v2\/types\/post"}],"author":[{"embeddable":true,"href":"https:\/\/sertv.gob.pa\/nacionalfm\/wp-json\/wp\/v2\/users\/1"}],"replies":[{"embeddable":true,"href":"https:\/\/sertv.gob.pa\/nacionalfm\/wp-json\/wp\/v2\/comments?post=15751"}],"version-history":[{"count":0,"href":"https:\/\/sertv.gob.pa\/nacionalfm\/wp-json\/wp\/v2\/posts\/15751\/revisions"}],"wp:featuredmedia":[{"embeddable":true,"href":"https:\/\/sertv.gob.pa\/nacionalfm\/wp-json\/wp\/v2\/media\/15752"}],"wp:attachment":[{"href":"https:\/\/sertv.gob.pa\/nacionalfm\/wp-json\/wp\/v2\/media?parent=15751"}],"wp:term":[{"taxonomy":"category","embeddable":true,"href":"https:\/\/sertv.gob.pa\/nacionalfm\/wp-json\/wp\/v2\/categories?post=15751"},{"taxonomy":"post_tag","embeddable":true,"href":"https:\/\/sertv.gob.pa\/nacionalfm\/wp-json\/wp\/v2\/tags?post=15751"}],"curies":[{"name":"wp","href":"https:\/\/api.w.org\/{rel}","templated":true}]}}