{"id":15771,"date":"2016-09-21T16:09:05","date_gmt":"2016-09-21T16:09:05","guid":{"rendered":""},"modified":"2016-09-21T16:09:05","modified_gmt":"2016-09-21T16:09:05","slug":"en-paises-ricos-estabilizacion-de-casos-de-alzheimer-trae-luz-de-esperanza","status":"publish","type":"post","link":"https:\/\/sertv.gob.pa\/nacionalfm\/en-paises-ricos-estabilizacion-de-casos-de-alzheimer-trae-luz-de-esperanza\/","title":{"rendered":"En pa\u00edses ricos estabilizaci\u00f3n de casos de Alzheimer trae esperanza"},"content":{"rendered":"<p>\nLa estabilizaci\u00f3n en pa\u00edses desarrollados de los casos de  Alzheime r y otras demencias seniles aporta una luz de esperanza de cara a esta devastadora patolog\u00eda que contin\u00faa siendo incurable. <\/p>\n<p>La baja de la incidencia (tasa de casos nuevos) de la enfermedad de Alzheimer y de tipos afines de demencias en mayores de 65 a\u00f1os es \u00abuna tendencia marcada\u00bb, indica Philippe Amouyel, epidemi\u00f3logo (Instituto Pasteur-CHRU, Lille, norte de France). <\/p>\n<p>Sin embargo, la cantidad total de casos va a incrementarse a causa de la cantidad cada vez mayor de gente que vive m\u00e1s tiempo gracias al aumento de la esperanza de vida. <\/p>\n<p>\u00abHemos limitado el flujo, pero sin lograr detenerlo\u00bb, a\u00f1ade David Reynolds de la asociaci\u00f3n brit\u00e1nica  Alzheimer&#8217;s Research UK (Aruk) . <\/p>\n<p>El costo econ\u00f3mico y social de las demencias no est\u00e1 cerca de disminuir. A nivel mundial alcanza  818 mil millones de d\u00f3lares , seg\u00fan el informe 2015 de los expertos de la federaci\u00f3n Alzheimer Disease International (ADI).Vinculado a la ancianidad, el mal de Alzheimer ser\u00eda responsable de entre 60 y 70% de los casos de demencia senil. <\/p>\n<p>Seg\u00fan la  Organizaci\u00f3n Mundial de la Salud (OMS) , hay unos 47.5 millones de personas con demencias en el mundo y 7.7 millones de casos nuevos cada a\u00f1o, es decir uno cada cuatro segundos. <\/p>\n<p>M\u00e1s de cien a\u00f1os despu\u00e9s de la identificaci\u00f3n de la enfermedad de Alzheimer, sigue sin existir un tratamiento que permita curarla o frenar su evoluci\u00f3n. <\/p>\n<p>\u00a0 <\/p>\n","protected":false},"excerpt":{"rendered":"<p>La estabilizaci\u00f3n en pa\u00edses desarrollados de los casos de Alzheime <a href=\"https:\/\/sertv.gob.pa\/nacionalfm\/en-paises-ricos-estabilizacion-de-casos-de-alzheimer-trae-luz-de-esperanza\/\"> [&#8230;]<\/a><\/p>\n","protected":false},"author":1,"featured_media":15772,"comment_status":"closed","ping_status":"closed","sticky":false,"template":"","format":"standard","meta":{"footnotes":""},"categories":[5],"tags":[],"class_list":["post-15771","post","type-post","status-publish","format-standard","has-post-thumbnail","hentry","category-salud"],"_links":{"self":[{"href":"https:\/\/sertv.gob.pa\/nacionalfm\/wp-json\/wp\/v2\/posts\/15771","targetHints":{"allow":["GET"]}}],"collection":[{"href":"https:\/\/sertv.gob.pa\/nacionalfm\/wp-json\/wp\/v2\/posts"}],"about":[{"href":"https:\/\/sertv.gob.pa\/nacionalfm\/wp-json\/wp\/v2\/types\/post"}],"author":[{"embeddable":true,"href":"https:\/\/sertv.gob.pa\/nacionalfm\/wp-json\/wp\/v2\/users\/1"}],"replies":[{"embeddable":true,"href":"https:\/\/sertv.gob.pa\/nacionalfm\/wp-json\/wp\/v2\/comments?post=15771"}],"version-history":[{"count":0,"href":"https:\/\/sertv.gob.pa\/nacionalfm\/wp-json\/wp\/v2\/posts\/15771\/revisions"}],"wp:featuredmedia":[{"embeddable":true,"href":"https:\/\/sertv.gob.pa\/nacionalfm\/wp-json\/wp\/v2\/media\/15772"}],"wp:attachment":[{"href":"https:\/\/sertv.gob.pa\/nacionalfm\/wp-json\/wp\/v2\/media?parent=15771"}],"wp:term":[{"taxonomy":"category","embeddable":true,"href":"https:\/\/sertv.gob.pa\/nacionalfm\/wp-json\/wp\/v2\/categories?post=15771"},{"taxonomy":"post_tag","embeddable":true,"href":"https:\/\/sertv.gob.pa\/nacionalfm\/wp-json\/wp\/v2\/tags?post=15771"}],"curies":[{"name":"wp","href":"https:\/\/api.w.org\/{rel}","templated":true}]}}