{"id":15783,"date":"2016-09-21T18:52:34","date_gmt":"2016-09-21T18:52:34","guid":{"rendered":""},"modified":"2016-09-21T18:52:34","modified_gmt":"2016-09-21T18:52:34","slug":"6-mil-365-adolescentes-embarazadas-entre-enero-y-agosto","status":"publish","type":"post","link":"https:\/\/sertv.gob.pa\/nacionalfm\/6-mil-365-adolescentes-embarazadas-entre-enero-y-agosto\/","title":{"rendered":"6 mil 365 adolescentes embarazadas entre enero y agosto"},"content":{"rendered":"<p>\nEl  Ministerio de Salud \u00a0(Minsa)\u00a0dio a conocer en un informe que\u00a0de\u00a0enero a agosto de este a\u00f1o \u00a0se registraron 6 mil 365 casos de  embarazos adolescentes ,\u00a0a raz\u00f3n de uno cada 54\u00a0minutos. <\/p>\n<p>Estos datos del Minsa no incluyen los reportes de las  j\u00f3venes embarazadas  que buscan atenci\u00f3n m\u00e9dica en la  Caja de Seguro Social (CSS)  ni en las cl\u00ednicas privadas del pa\u00eds. <\/p>\n<p>Durante los primeros ocho meses de este a\u00f1o\u00a0por cada 100 embarazos, 30.5 fue de adolescentes. <\/p>\n<p>Sin embargo este \u00edndice es superior en Dari\u00e9n (37%), Col\u00f3n (36%) y Bocas del Toro (35.5%). <\/p>\n<p>Las zonas con menos embarazos adolescentes en el pa\u00eds este a\u00f1o son la  comarca Guna Yala  (25.5%) y Panam\u00e1 Metro (26.3%). <\/p>\n<p>De acuerdo a par\u00e1metros de la  Organizaci\u00f3n Mundial de la Salud , se considera un embarazo adolescente al que ocurre entre los 10 y 19 a\u00f1os de edad. \u00a0\u00a0 <\/p>\n<p>En total, durante el a\u00f1o 2015 se registraron 10 mil 976 casos de embarazos adolescentes, 241 casos m\u00e1s que los contabilizados en 2014.\u00a0 <\/p>\n<p>\u00a0 <\/p>\n","protected":false},"excerpt":{"rendered":"<p>El Ministerio de Salud \u00a0(Minsa)\u00a0dio a conocer en un informe <a href=\"https:\/\/sertv.gob.pa\/nacionalfm\/6-mil-365-adolescentes-embarazadas-entre-enero-y-agosto\/\"> [&#8230;]<\/a><\/p>\n","protected":false},"author":1,"featured_media":15784,"comment_status":"closed","ping_status":"closed","sticky":false,"template":"","format":"standard","meta":{"footnotes":""},"categories":[5],"tags":[],"class_list":["post-15783","post","type-post","status-publish","format-standard","has-post-thumbnail","hentry","category-salud"],"_links":{"self":[{"href":"https:\/\/sertv.gob.pa\/nacionalfm\/wp-json\/wp\/v2\/posts\/15783","targetHints":{"allow":["GET"]}}],"collection":[{"href":"https:\/\/sertv.gob.pa\/nacionalfm\/wp-json\/wp\/v2\/posts"}],"about":[{"href":"https:\/\/sertv.gob.pa\/nacionalfm\/wp-json\/wp\/v2\/types\/post"}],"author":[{"embeddable":true,"href":"https:\/\/sertv.gob.pa\/nacionalfm\/wp-json\/wp\/v2\/users\/1"}],"replies":[{"embeddable":true,"href":"https:\/\/sertv.gob.pa\/nacionalfm\/wp-json\/wp\/v2\/comments?post=15783"}],"version-history":[{"count":0,"href":"https:\/\/sertv.gob.pa\/nacionalfm\/wp-json\/wp\/v2\/posts\/15783\/revisions"}],"wp:featuredmedia":[{"embeddable":true,"href":"https:\/\/sertv.gob.pa\/nacionalfm\/wp-json\/wp\/v2\/media\/15784"}],"wp:attachment":[{"href":"https:\/\/sertv.gob.pa\/nacionalfm\/wp-json\/wp\/v2\/media?parent=15783"}],"wp:term":[{"taxonomy":"category","embeddable":true,"href":"https:\/\/sertv.gob.pa\/nacionalfm\/wp-json\/wp\/v2\/categories?post=15783"},{"taxonomy":"post_tag","embeddable":true,"href":"https:\/\/sertv.gob.pa\/nacionalfm\/wp-json\/wp\/v2\/tags?post=15783"}],"curies":[{"name":"wp","href":"https:\/\/api.w.org\/{rel}","templated":true}]}}