{"id":15787,"date":"2016-09-21T20:21:39","date_gmt":"2016-09-21T20:21:39","guid":{"rendered":""},"modified":"2016-09-21T20:21:39","modified_gmt":"2016-09-21T20:21:39","slug":"pandeportes-hace-reconocimiento-a-campeona-de-jiu-jitsu","status":"publish","type":"post","link":"https:\/\/sertv.gob.pa\/nacionalfm\/pandeportes-hace-reconocimiento-a-campeona-de-jiu-jitsu\/","title":{"rendered":"PANDEPORTES hace reconocimiento a campeona de Jiu Jitsu"},"content":{"rendered":"<p>\nEl Instituto Paname\u00f1o de Deportes hizo un reconocimiento a la campeona mundial de Jiu Jitsu M\u00e1ster, Jennis\u00edn Rosan\u00eda, quien es funcionaria de PANDEPORTES. <\/p>\n<p>El director general de PANDEPORTES Roberto Arango, devel\u00f3 una placa en honor a la nueva campeona mundial en un espacio especial de la instituci\u00f3n y entreg\u00f3 junto a jefes de departamentos otra placa de reconocimiento por su logro. <\/p>\n<p>La atleta \u00a0Jennis\u00edn Rosan\u00eda se convirti\u00f3 en la primera paname\u00f1a campeona mundial de jiu jitsu brasile\u00f1o al conquistar la medalla de oro en la categor\u00eda 120-129 libras en el pasado Campeonato Mundial M\u00e1ster celebrado en Las Vegas, Nevada entre el \u00a025 y 27 de agosto. <\/p>\n<p>La paname\u00f1a logr\u00f3 el campeonato del mundo al vencer en la final a la brasile\u00f1a Ariana Da Silva.\u00a0 El campeonato le otorg\u00f3 a Rosan\u00eda colocarse el cintur\u00f3n marr\u00f3n m\u00e1ximo galard\u00f3n de esta disciplina. <\/p>\n<p>Jennis\u00edn Rosan\u00eda es jefa del departamento de Deportes Para Todos de PANDEPORTES y adem\u00e1s de convertirse en maestra del jiu jitsu, practica voleibol y flag f\u00fatbol, de la cual fue selecci\u00f3n nacional. <\/p>\n<p>\u00a0 <\/p>\n","protected":false},"excerpt":{"rendered":"<p>El Instituto Paname\u00f1o de Deportes hizo un reconocimiento a la <a href=\"https:\/\/sertv.gob.pa\/nacionalfm\/pandeportes-hace-reconocimiento-a-campeona-de-jiu-jitsu\/\"> [&#8230;]<\/a><\/p>\n","protected":false},"author":1,"featured_media":15788,"comment_status":"closed","ping_status":"closed","sticky":false,"template":"","format":"standard","meta":{"footnotes":""},"categories":[4],"tags":[],"class_list":["post-15787","post","type-post","status-publish","format-standard","has-post-thumbnail","hentry","category-deportes"],"_links":{"self":[{"href":"https:\/\/sertv.gob.pa\/nacionalfm\/wp-json\/wp\/v2\/posts\/15787","targetHints":{"allow":["GET"]}}],"collection":[{"href":"https:\/\/sertv.gob.pa\/nacionalfm\/wp-json\/wp\/v2\/posts"}],"about":[{"href":"https:\/\/sertv.gob.pa\/nacionalfm\/wp-json\/wp\/v2\/types\/post"}],"author":[{"embeddable":true,"href":"https:\/\/sertv.gob.pa\/nacionalfm\/wp-json\/wp\/v2\/users\/1"}],"replies":[{"embeddable":true,"href":"https:\/\/sertv.gob.pa\/nacionalfm\/wp-json\/wp\/v2\/comments?post=15787"}],"version-history":[{"count":0,"href":"https:\/\/sertv.gob.pa\/nacionalfm\/wp-json\/wp\/v2\/posts\/15787\/revisions"}],"wp:featuredmedia":[{"embeddable":true,"href":"https:\/\/sertv.gob.pa\/nacionalfm\/wp-json\/wp\/v2\/media\/15788"}],"wp:attachment":[{"href":"https:\/\/sertv.gob.pa\/nacionalfm\/wp-json\/wp\/v2\/media?parent=15787"}],"wp:term":[{"taxonomy":"category","embeddable":true,"href":"https:\/\/sertv.gob.pa\/nacionalfm\/wp-json\/wp\/v2\/categories?post=15787"},{"taxonomy":"post_tag","embeddable":true,"href":"https:\/\/sertv.gob.pa\/nacionalfm\/wp-json\/wp\/v2\/tags?post=15787"}],"curies":[{"name":"wp","href":"https:\/\/api.w.org\/{rel}","templated":true}]}}