{"id":15789,"date":"2016-09-21T20:41:25","date_gmt":"2016-09-21T20:41:25","guid":{"rendered":""},"modified":"2016-09-21T20:41:25","modified_gmt":"2016-09-21T20:41:25","slug":"en-octubre-realizan-copa-de-futbol-bombito-romero","status":"publish","type":"post","link":"https:\/\/sertv.gob.pa\/nacionalfm\/en-octubre-realizan-copa-de-futbol-bombito-romero\/","title":{"rendered":"En octubre realizan Copa de F\u00fatbol \u201cBombito\u201d Romero"},"content":{"rendered":"<p>\nEn los d\u00edas 15, 22 y 29 de octubre se llevar\u00e1 a cabo la XVIII Copa Luis &ldquo;Bombito&rdquo; Romero In Memoriam, con la participaci\u00f3n de estudiantes masculinos nacidos del 1 de enero de 1999 en adelante.\u00a0 Las competencias iniciar\u00e1n desde las 9:30 de la ma\u00f1ana a 12:30 del medio d\u00eda, en el campo de f\u00fatbol del Balboa Academy. <\/p>\n<p>Esta competencia tiene el aval de la Federaci\u00f3n Paname\u00f1a de F\u00fatbol y ha sido patrocinada durante 18 a\u00f1os consecutivos por la empresa privada (SERITEX &ldquo;El Mundo de la Serigraf\u00eda&rdquo;), como un aporte al f\u00fatbol nacional dirigido a estimular el sano esparcimiento y las buenas pr\u00e1cticas de la juventud desde su temprana edad, como es este Torneo Sub-17. <\/p>\n<p>Los centros de ense\u00f1anzas que ver\u00e1n acci\u00f3n en este evento son: El Colegio Javier, San Judas Tadeo,\u00a0San Agustin y el\u00a0Balboa Academy. <\/p>\n<p>\u00a0 <\/p>\n","protected":false},"excerpt":{"rendered":"<p>En los d\u00edas 15, 22 y 29 de octubre se <a href=\"https:\/\/sertv.gob.pa\/nacionalfm\/en-octubre-realizan-copa-de-futbol-bombito-romero\/\"> [&#8230;]<\/a><\/p>\n","protected":false},"author":1,"featured_media":15790,"comment_status":"closed","ping_status":"closed","sticky":false,"template":"","format":"standard","meta":{"footnotes":""},"categories":[4],"tags":[],"class_list":["post-15789","post","type-post","status-publish","format-standard","has-post-thumbnail","hentry","category-deportes"],"_links":{"self":[{"href":"https:\/\/sertv.gob.pa\/nacionalfm\/wp-json\/wp\/v2\/posts\/15789","targetHints":{"allow":["GET"]}}],"collection":[{"href":"https:\/\/sertv.gob.pa\/nacionalfm\/wp-json\/wp\/v2\/posts"}],"about":[{"href":"https:\/\/sertv.gob.pa\/nacionalfm\/wp-json\/wp\/v2\/types\/post"}],"author":[{"embeddable":true,"href":"https:\/\/sertv.gob.pa\/nacionalfm\/wp-json\/wp\/v2\/users\/1"}],"replies":[{"embeddable":true,"href":"https:\/\/sertv.gob.pa\/nacionalfm\/wp-json\/wp\/v2\/comments?post=15789"}],"version-history":[{"count":0,"href":"https:\/\/sertv.gob.pa\/nacionalfm\/wp-json\/wp\/v2\/posts\/15789\/revisions"}],"wp:featuredmedia":[{"embeddable":true,"href":"https:\/\/sertv.gob.pa\/nacionalfm\/wp-json\/wp\/v2\/media\/15790"}],"wp:attachment":[{"href":"https:\/\/sertv.gob.pa\/nacionalfm\/wp-json\/wp\/v2\/media?parent=15789"}],"wp:term":[{"taxonomy":"category","embeddable":true,"href":"https:\/\/sertv.gob.pa\/nacionalfm\/wp-json\/wp\/v2\/categories?post=15789"},{"taxonomy":"post_tag","embeddable":true,"href":"https:\/\/sertv.gob.pa\/nacionalfm\/wp-json\/wp\/v2\/tags?post=15789"}],"curies":[{"name":"wp","href":"https:\/\/api.w.org\/{rel}","templated":true}]}}