{"id":15791,"date":"2016-09-21T21:02:52","date_gmt":"2016-09-21T21:02:52","guid":{"rendered":""},"modified":"2016-09-21T21:02:52","modified_gmt":"2016-09-21T21:02:52","slug":"manana-reanudan-liga-futsal-xtreme-de-la-alcaldia-de-panama","status":"publish","type":"post","link":"https:\/\/sertv.gob.pa\/nacionalfm\/manana-reanudan-liga-futsal-xtreme-de-la-alcaldia-de-panama\/","title":{"rendered":"Ma\u00f1ana reanudan Liga FUTSAL Xtreme de la Alcald\u00eda de Panam\u00e1"},"content":{"rendered":"<p>\n La Liga Futsal Xtreme de la Alcald\u00eda de Panam\u00e1 se reanuda, luego de una pausa por la participaci\u00f3n de la Selecci\u00f3n Nacional FUTSAL de Panam\u00e1 en el Mundial de esta especialidad que se realiza en tres ciudades de Colombia, ma\u00f1ana y contin\u00faa el viernes 23 de septiembre.\u00a0   <\/p>\n<p> Las dos fechas que se describen \u00a0se jugar\u00e1n, ser\u00e1n las que concluir\u00e1n la fase regular o fase de grupos en la que de 44 equipos formados en 11 grupos de cuatro equipos cada uno, clasificar\u00e1n directamente a octavos de final los ocho mejores primeros lugares, mientras que los tres peores primeros lugares, los segundos lugares de cada uno de los grupos y los dos mejores terceros ir\u00e1n a una ronda de repechaje para aspirar a los octavos de final y ya hay 11 equipos que han quedado eliminados de toda opci\u00f3n.  <\/p>\n<p> Cabe destacar que el \u00fanico equipo invicto en el torneo es el de Cerro Cocobolo.  <\/p>\n<p>\u00a0 <\/p>\n<p>\u00a0 <\/p>\n","protected":false},"excerpt":{"rendered":"<p>La Liga Futsal Xtreme de la Alcald\u00eda de Panam\u00e1 se <a href=\"https:\/\/sertv.gob.pa\/nacionalfm\/manana-reanudan-liga-futsal-xtreme-de-la-alcaldia-de-panama\/\"> [&#8230;]<\/a><\/p>\n","protected":false},"author":1,"featured_media":15792,"comment_status":"closed","ping_status":"closed","sticky":false,"template":"","format":"standard","meta":{"footnotes":""},"categories":[4],"tags":[],"class_list":["post-15791","post","type-post","status-publish","format-standard","has-post-thumbnail","hentry","category-deportes"],"_links":{"self":[{"href":"https:\/\/sertv.gob.pa\/nacionalfm\/wp-json\/wp\/v2\/posts\/15791","targetHints":{"allow":["GET"]}}],"collection":[{"href":"https:\/\/sertv.gob.pa\/nacionalfm\/wp-json\/wp\/v2\/posts"}],"about":[{"href":"https:\/\/sertv.gob.pa\/nacionalfm\/wp-json\/wp\/v2\/types\/post"}],"author":[{"embeddable":true,"href":"https:\/\/sertv.gob.pa\/nacionalfm\/wp-json\/wp\/v2\/users\/1"}],"replies":[{"embeddable":true,"href":"https:\/\/sertv.gob.pa\/nacionalfm\/wp-json\/wp\/v2\/comments?post=15791"}],"version-history":[{"count":0,"href":"https:\/\/sertv.gob.pa\/nacionalfm\/wp-json\/wp\/v2\/posts\/15791\/revisions"}],"wp:featuredmedia":[{"embeddable":true,"href":"https:\/\/sertv.gob.pa\/nacionalfm\/wp-json\/wp\/v2\/media\/15792"}],"wp:attachment":[{"href":"https:\/\/sertv.gob.pa\/nacionalfm\/wp-json\/wp\/v2\/media?parent=15791"}],"wp:term":[{"taxonomy":"category","embeddable":true,"href":"https:\/\/sertv.gob.pa\/nacionalfm\/wp-json\/wp\/v2\/categories?post=15791"},{"taxonomy":"post_tag","embeddable":true,"href":"https:\/\/sertv.gob.pa\/nacionalfm\/wp-json\/wp\/v2\/tags?post=15791"}],"curies":[{"name":"wp","href":"https:\/\/api.w.org\/{rel}","templated":true}]}}