{"id":15817,"date":"2016-09-22T18:59:04","date_gmt":"2016-09-22T18:59:04","guid":{"rendered":""},"modified":"2016-09-22T18:59:04","modified_gmt":"2016-09-22T18:59:04","slug":"banarse-a-diario-puede-ser-danino-para-la-piel","status":"publish","type":"post","link":"https:\/\/sertv.gob.pa\/nacionalfm\/banarse-a-diario-puede-ser-danino-para-la-piel\/","title":{"rendered":"Ba\u00f1arse a diario puede ser da\u00f1ino para la piel"},"content":{"rendered":"<p>\nDucharse es una de las mejores cosas para estar m\u00e1s tranquilos. Sin embargo, un estudio publicado por &ldquo;Medical Daily&rdquo; indica que puede ser negativo para el cuerpo.\u00a0 <\/p>\n<p>Una persona que no transpira demasiado y se ducha regularmente, se le puede secar mucho la piel, lo cual producir\u00eda en ella ciertas grietas que podr\u00edan llegar a acumular g\u00e9rmenes causantes de infecciones, describe la publicaci\u00f3n sobre los &ldquo;da\u00f1os&rdquo; que puede ocasionar el abuso del ba\u00f1o al cuerpo. <\/p>\n<p>Los m\u00e9dicos afirman que la cantidad justa y necesaria de duchas por semana es una o dos, pero si las personas gustan ba\u00f1arse a diario pueden hacerlo, aunque sin enjabonarse todo el cuerpo, sino centrarse en las \u00e1reas que producen olores por el sudor. <\/p>\n<p>Sostienen que lavarse las manos y la ropa, ayudar\u00e1 a eliminar las c\u00e9lulas muertas de la piel y la suciedad acumulada en el cuerpo sin afectar la salud. No obstante, la qu\u00edmica de la piel de cada persona es distinta, por lo que la ducha diaria puede no ser tan peligrosa para algunos, pero ser muy perjudicial para el resto. <\/p>\n<p>\u00a0 <\/p>\n","protected":false},"excerpt":{"rendered":"<p>Ducharse es una de las mejores cosas para estar m\u00e1s <a href=\"https:\/\/sertv.gob.pa\/nacionalfm\/banarse-a-diario-puede-ser-danino-para-la-piel\/\"> [&#8230;]<\/a><\/p>\n","protected":false},"author":1,"featured_media":15818,"comment_status":"closed","ping_status":"closed","sticky":false,"template":"","format":"standard","meta":{"footnotes":""},"categories":[5],"tags":[],"class_list":["post-15817","post","type-post","status-publish","format-standard","has-post-thumbnail","hentry","category-salud"],"_links":{"self":[{"href":"https:\/\/sertv.gob.pa\/nacionalfm\/wp-json\/wp\/v2\/posts\/15817","targetHints":{"allow":["GET"]}}],"collection":[{"href":"https:\/\/sertv.gob.pa\/nacionalfm\/wp-json\/wp\/v2\/posts"}],"about":[{"href":"https:\/\/sertv.gob.pa\/nacionalfm\/wp-json\/wp\/v2\/types\/post"}],"author":[{"embeddable":true,"href":"https:\/\/sertv.gob.pa\/nacionalfm\/wp-json\/wp\/v2\/users\/1"}],"replies":[{"embeddable":true,"href":"https:\/\/sertv.gob.pa\/nacionalfm\/wp-json\/wp\/v2\/comments?post=15817"}],"version-history":[{"count":0,"href":"https:\/\/sertv.gob.pa\/nacionalfm\/wp-json\/wp\/v2\/posts\/15817\/revisions"}],"wp:featuredmedia":[{"embeddable":true,"href":"https:\/\/sertv.gob.pa\/nacionalfm\/wp-json\/wp\/v2\/media\/15818"}],"wp:attachment":[{"href":"https:\/\/sertv.gob.pa\/nacionalfm\/wp-json\/wp\/v2\/media?parent=15817"}],"wp:term":[{"taxonomy":"category","embeddable":true,"href":"https:\/\/sertv.gob.pa\/nacionalfm\/wp-json\/wp\/v2\/categories?post=15817"},{"taxonomy":"post_tag","embeddable":true,"href":"https:\/\/sertv.gob.pa\/nacionalfm\/wp-json\/wp\/v2\/tags?post=15817"}],"curies":[{"name":"wp","href":"https:\/\/api.w.org\/{rel}","templated":true}]}}