{"id":15835,"date":"2016-09-23T15:37:51","date_gmt":"2016-09-23T15:37:51","guid":{"rendered":""},"modified":"2016-09-23T15:37:51","modified_gmt":"2016-09-23T15:37:51","slug":"en-judo-panama-obtiene-medallas-en-codicader-de-honduras","status":"publish","type":"post","link":"https:\/\/sertv.gob.pa\/nacionalfm\/en-judo-panama-obtiene-medallas-en-codicader-de-honduras\/","title":{"rendered":"En judo Panam\u00e1 obtiene medallas en CODICADER de Honduras"},"content":{"rendered":"<p>\nPanam\u00e1 obtuvo dos medallas de oro, dos de plata y una de bronce en el judo, en la primera jornada de los XIX Juegos Estudiantiles Deportivos CODICADER 2015, que se desarrollan en el Complejo Deportivo Jos\u00e9 Ascona H. de Tegucigalpa, Honduras. <\/p>\n<p>El colonense Alexis Harrinson en los -73 kilos, venci\u00f3 a Gerardo Henr\u00edquez de El Salvador, Arturo Kwiers en los -60 tambi\u00e9n se ba\u00f1\u00f3 en oro al derrotar al tambi\u00e9n salvadore\u00f1o Gerson Fuentes. <\/p>\n<p>La capitalina Anna Tirado y el verag\u00fcense Isaac Jaramillo, conquistaron plata en los -57 y 55 kilos respectivamente. El bronce fue para Fernando Mart\u00ednez, cabe destacar que en el judo Panam\u00e1 est\u00e1 representada por 5 atletas y todos trajeron medalla en la primera jornada. <\/p>\n<p>Este viernes inicia la segunda jornada con la competencia por equipos. <\/p>\n","protected":false},"excerpt":{"rendered":"<p>Panam\u00e1 obtuvo dos medallas de oro, dos de plata y <a href=\"https:\/\/sertv.gob.pa\/nacionalfm\/en-judo-panama-obtiene-medallas-en-codicader-de-honduras\/\"> [&#8230;]<\/a><\/p>\n","protected":false},"author":1,"featured_media":15836,"comment_status":"closed","ping_status":"closed","sticky":false,"template":"","format":"standard","meta":{"footnotes":""},"categories":[4],"tags":[],"class_list":["post-15835","post","type-post","status-publish","format-standard","has-post-thumbnail","hentry","category-deportes"],"_links":{"self":[{"href":"https:\/\/sertv.gob.pa\/nacionalfm\/wp-json\/wp\/v2\/posts\/15835","targetHints":{"allow":["GET"]}}],"collection":[{"href":"https:\/\/sertv.gob.pa\/nacionalfm\/wp-json\/wp\/v2\/posts"}],"about":[{"href":"https:\/\/sertv.gob.pa\/nacionalfm\/wp-json\/wp\/v2\/types\/post"}],"author":[{"embeddable":true,"href":"https:\/\/sertv.gob.pa\/nacionalfm\/wp-json\/wp\/v2\/users\/1"}],"replies":[{"embeddable":true,"href":"https:\/\/sertv.gob.pa\/nacionalfm\/wp-json\/wp\/v2\/comments?post=15835"}],"version-history":[{"count":0,"href":"https:\/\/sertv.gob.pa\/nacionalfm\/wp-json\/wp\/v2\/posts\/15835\/revisions"}],"wp:featuredmedia":[{"embeddable":true,"href":"https:\/\/sertv.gob.pa\/nacionalfm\/wp-json\/wp\/v2\/media\/15836"}],"wp:attachment":[{"href":"https:\/\/sertv.gob.pa\/nacionalfm\/wp-json\/wp\/v2\/media?parent=15835"}],"wp:term":[{"taxonomy":"category","embeddable":true,"href":"https:\/\/sertv.gob.pa\/nacionalfm\/wp-json\/wp\/v2\/categories?post=15835"},{"taxonomy":"post_tag","embeddable":true,"href":"https:\/\/sertv.gob.pa\/nacionalfm\/wp-json\/wp\/v2\/tags?post=15835"}],"curies":[{"name":"wp","href":"https:\/\/api.w.org\/{rel}","templated":true}]}}