{"id":15837,"date":"2016-09-23T16:26:50","date_gmt":"2016-09-23T16:26:50","guid":{"rendered":""},"modified":"2016-09-23T16:26:50","modified_gmt":"2016-09-23T16:26:50","slug":"manana-inauguran-ii-torneo-internacional-de-karate-inclusivo","status":"publish","type":"post","link":"https:\/\/sertv.gob.pa\/nacionalfm\/manana-inauguran-ii-torneo-internacional-de-karate-inclusivo\/","title":{"rendered":"Ma\u00f1ana inauguran II Torneo Internacional de Karate Inclusivo"},"content":{"rendered":"<p>\n Ma\u00f1ana s\u00e1bado 24 de septiembre a las 9 am se inaugurar\u00e1 el II Torneo Internacional de Karate Inclusivo, Copa CELSIA, la Arena Roberto Dur\u00e1n, y las competencias se extender\u00e1n hasta las 11 de la ma\u00f1ana, y el torneo concluye el domingo 25 de septiembre.  <\/p>\n<p> El certamen constar\u00e1 de 74 categor\u00edas, divididas en cuatro niveles, novatos, intermedios, avanzados y cintas negras, con modalidades como kata y kumite.  <\/p>\n<p> M\u00e1s de 300 atletas se reunir\u00e1n en representaci\u00f3n de pa\u00edses como Italia, Rep\u00fablica Dominicana, Colombia, Estados Unidos, entre otros.  <\/p>\n<p> El acto contar\u00e1 con la presencia del director del Instituto Paname\u00f1o de Deportes Roberto &ldquo;Bob&rdquo; Arango, el alcalde del distrito capital Jos\u00e9 Isabel Bland\u00f3n, al igual que diversas figuras reconocidas del deporte nacional e internacional.  <\/p>\n<p> \u00a0  <\/p>\n","protected":false},"excerpt":{"rendered":"<p>Ma\u00f1ana s\u00e1bado 24 de septiembre a las 9 am se <a href=\"https:\/\/sertv.gob.pa\/nacionalfm\/manana-inauguran-ii-torneo-internacional-de-karate-inclusivo\/\"> [&#8230;]<\/a><\/p>\n","protected":false},"author":1,"featured_media":15838,"comment_status":"closed","ping_status":"closed","sticky":false,"template":"","format":"standard","meta":{"footnotes":""},"categories":[4],"tags":[],"class_list":["post-15837","post","type-post","status-publish","format-standard","has-post-thumbnail","hentry","category-deportes"],"_links":{"self":[{"href":"https:\/\/sertv.gob.pa\/nacionalfm\/wp-json\/wp\/v2\/posts\/15837","targetHints":{"allow":["GET"]}}],"collection":[{"href":"https:\/\/sertv.gob.pa\/nacionalfm\/wp-json\/wp\/v2\/posts"}],"about":[{"href":"https:\/\/sertv.gob.pa\/nacionalfm\/wp-json\/wp\/v2\/types\/post"}],"author":[{"embeddable":true,"href":"https:\/\/sertv.gob.pa\/nacionalfm\/wp-json\/wp\/v2\/users\/1"}],"replies":[{"embeddable":true,"href":"https:\/\/sertv.gob.pa\/nacionalfm\/wp-json\/wp\/v2\/comments?post=15837"}],"version-history":[{"count":0,"href":"https:\/\/sertv.gob.pa\/nacionalfm\/wp-json\/wp\/v2\/posts\/15837\/revisions"}],"wp:featuredmedia":[{"embeddable":true,"href":"https:\/\/sertv.gob.pa\/nacionalfm\/wp-json\/wp\/v2\/media\/15838"}],"wp:attachment":[{"href":"https:\/\/sertv.gob.pa\/nacionalfm\/wp-json\/wp\/v2\/media?parent=15837"}],"wp:term":[{"taxonomy":"category","embeddable":true,"href":"https:\/\/sertv.gob.pa\/nacionalfm\/wp-json\/wp\/v2\/categories?post=15837"},{"taxonomy":"post_tag","embeddable":true,"href":"https:\/\/sertv.gob.pa\/nacionalfm\/wp-json\/wp\/v2\/tags?post=15837"}],"curies":[{"name":"wp","href":"https:\/\/api.w.org\/{rel}","templated":true}]}}