{"id":1584,"date":"2014-09-16T05:00:00","date_gmt":"2014-09-16T05:00:00","guid":{"rendered":""},"modified":"2014-09-16T05:00:00","modified_gmt":"2014-09-16T05:00:00","slug":"fao-brasil-redujo-tasa-de-desnutricion-a-la-mitad","status":"publish","type":"post","link":"https:\/\/sertv.gob.pa\/nacionalfm\/fao-brasil-redujo-tasa-de-desnutricion-a-la-mitad\/","title":{"rendered":"FAO: Brasil redujo tasa de desnutrici\u00f3n a la mitad"},"content":{"rendered":"\n<p>Brasil redujo de 10,7% a 5% el porcentaje de su poblaci\u00f3n en situaci\u00f3n de desnutrici\u00f3n, revel\u00f3 este martes el informe del organismo de la ONU para la Alimentaci\u00f3n y la Agricultura, FAO. <\/p>\n<p>De acuerdo con el informe, Brasil logr\u00f3 la reducci\u00f3n de este indicador en los \u00faltimos diez a\u00f1os, con lo cual conquist\u00f3 uno de los ocho Objetivos de Desarrollo del Milenio que la ONU estableci\u00f3 para el 2015. <\/p>\n<p>El reporte, rese\u00f1ado por la agencia EFE, tambi\u00e9n refleja que este pa\u00eds disminuy\u00f3 la pobreza del 24,3% al 8,4% entre 2001 y 2012, mientras que la pobreza extrema cay\u00f3 del 14% al 3,5%. <\/p>\n<p>\u00abSuperar el hambre era una de las principales metas del Estado brasile\u00f1o y se ha logrado\u00bb, declar\u00f3 la ministra de Desarrollo Social y Combate al Hambre, Tereza Campello.\u00a0\u00a0 @nacionalFm <\/p>\n","protected":false},"excerpt":{"rendered":"<p>Brasil redujo de 10,7% a 5% el porcentaje de su <a href=\"https:\/\/sertv.gob.pa\/nacionalfm\/fao-brasil-redujo-tasa-de-desnutricion-a-la-mitad\/\"> [&#8230;]<\/a><\/p>\n","protected":false},"author":1,"featured_media":1585,"comment_status":"closed","ping_status":"closed","sticky":false,"template":"","format":"standard","meta":{"footnotes":""},"categories":[5],"tags":[],"class_list":["post-1584","post","type-post","status-publish","format-standard","has-post-thumbnail","hentry","category-salud"],"_links":{"self":[{"href":"https:\/\/sertv.gob.pa\/nacionalfm\/wp-json\/wp\/v2\/posts\/1584","targetHints":{"allow":["GET"]}}],"collection":[{"href":"https:\/\/sertv.gob.pa\/nacionalfm\/wp-json\/wp\/v2\/posts"}],"about":[{"href":"https:\/\/sertv.gob.pa\/nacionalfm\/wp-json\/wp\/v2\/types\/post"}],"author":[{"embeddable":true,"href":"https:\/\/sertv.gob.pa\/nacionalfm\/wp-json\/wp\/v2\/users\/1"}],"replies":[{"embeddable":true,"href":"https:\/\/sertv.gob.pa\/nacionalfm\/wp-json\/wp\/v2\/comments?post=1584"}],"version-history":[{"count":0,"href":"https:\/\/sertv.gob.pa\/nacionalfm\/wp-json\/wp\/v2\/posts\/1584\/revisions"}],"wp:featuredmedia":[{"embeddable":true,"href":"https:\/\/sertv.gob.pa\/nacionalfm\/wp-json\/wp\/v2\/media\/1585"}],"wp:attachment":[{"href":"https:\/\/sertv.gob.pa\/nacionalfm\/wp-json\/wp\/v2\/media?parent=1584"}],"wp:term":[{"taxonomy":"category","embeddable":true,"href":"https:\/\/sertv.gob.pa\/nacionalfm\/wp-json\/wp\/v2\/categories?post=1584"},{"taxonomy":"post_tag","embeddable":true,"href":"https:\/\/sertv.gob.pa\/nacionalfm\/wp-json\/wp\/v2\/tags?post=1584"}],"curies":[{"name":"wp","href":"https:\/\/api.w.org\/{rel}","templated":true}]}}