{"id":15841,"date":"2016-09-23T16:51:10","date_gmt":"2016-09-23T16:51:10","guid":{"rendered":""},"modified":"2016-09-23T16:51:10","modified_gmt":"2016-09-23T16:51:10","slug":"san-francisco-y-santa-gema-reabren-esta-noche-el-muquita","status":"publish","type":"post","link":"https:\/\/sertv.gob.pa\/nacionalfm\/san-francisco-y-santa-gema-reabren-esta-noche-el-muquita\/","title":{"rendered":"San Francisco y Santa Gema reabren esta noche \u201cEl Muquita\u201d"},"content":{"rendered":"<p>\nEl estadio Agust\u00edn &ldquo;Muquita&rdquo; S\u00e1nchez de la Chorrera reabrir\u00e1 sus puertas hoy con partido de la Liga Paname\u00f1a de F\u00fatbol, entre el San Fracisco FC y el Santa Gema FC.\u00a0 El acto de reinauguraci\u00f3n contar\u00e1 con la presencia del Presidente de la Rep\u00fablica de Panam\u00e1, Juan CarlosVarela y se realizar\u00e1 previo al partido. <\/p>\n<p>El Derbi del Oeste servir\u00e1 para reinaugurar el remozado coliseo chorrerano y ambos equipos buscar\u00e1n abrir su participaci\u00f3n en &ldquo;su&rdquo; nuevo estadio con una victoria ante su afici\u00f3n. Los monjes llegar\u00e1n a este partido como s\u00e9ptimos de la clasificaci\u00f3n general con 12 puntos y una diferencia de goles de -2, mientras que el conjunto de arraij\u00e1n llegara sexto de la tabla, tambi\u00e9n con 12 puntos pero con una diferencia de goles de 0. <\/p>\n<p>Este partido ser\u00e1 transmitido por Sertv y Nacional FM. <\/p>\n<p>\u00a0\u00a0\u00a0\u00a0\u00a0\u00a0\u00a0\u00a0\u00a0\u00a0\u00a0\u00a0\u00a0\u00a0\u00a0\u00a0\u00a0\u00a0\u00a0\u00a0\u00a0\u00a0\u00a0\u00a0\u00a0\u00a0\u00a0\u00a0\u00a0\u00a0\u00a0\u00a0\u00a0\u00a0\u00a0\u00a0\u00a0\u00a0\u00a0\u00a0\u00a0\u00a0\u00a0\u00a0\u00a0\u00a0\u00a0\u00a0\u00a0\u00a0\u00a0\u00a0\u00a0\u00a0\u00a0\u00a0\u00a0\u00a0\u00a0\u00a0\u00a0\u00a0\u00a0\u00a0\u00a0\u00a0\u00a0\u00a0\u00a0\u00a0\u00a0\u00a0\u00a0\u00a0\u00a0\u00a0\u00a0\u00a0\u00a0\u00a0\u00a0\u00a0\u00a0\u00a0\u00a0\u00a0\u00a0\u00a0\u00a0\u00a0\u00a0\u00a0\u00a0\u00a0 <\/p>\n<p>\u00a0 <\/p>\n","protected":false},"excerpt":{"rendered":"<p>El estadio Agust\u00edn &ldquo;Muquita&rdquo; S\u00e1nchez de la Chorrera reabrir\u00e1 sus <a href=\"https:\/\/sertv.gob.pa\/nacionalfm\/san-francisco-y-santa-gema-reabren-esta-noche-el-muquita\/\"> [&#8230;]<\/a><\/p>\n","protected":false},"author":1,"featured_media":15842,"comment_status":"closed","ping_status":"closed","sticky":false,"template":"","format":"standard","meta":{"footnotes":""},"categories":[4],"tags":[],"class_list":["post-15841","post","type-post","status-publish","format-standard","has-post-thumbnail","hentry","category-deportes"],"_links":{"self":[{"href":"https:\/\/sertv.gob.pa\/nacionalfm\/wp-json\/wp\/v2\/posts\/15841","targetHints":{"allow":["GET"]}}],"collection":[{"href":"https:\/\/sertv.gob.pa\/nacionalfm\/wp-json\/wp\/v2\/posts"}],"about":[{"href":"https:\/\/sertv.gob.pa\/nacionalfm\/wp-json\/wp\/v2\/types\/post"}],"author":[{"embeddable":true,"href":"https:\/\/sertv.gob.pa\/nacionalfm\/wp-json\/wp\/v2\/users\/1"}],"replies":[{"embeddable":true,"href":"https:\/\/sertv.gob.pa\/nacionalfm\/wp-json\/wp\/v2\/comments?post=15841"}],"version-history":[{"count":0,"href":"https:\/\/sertv.gob.pa\/nacionalfm\/wp-json\/wp\/v2\/posts\/15841\/revisions"}],"wp:featuredmedia":[{"embeddable":true,"href":"https:\/\/sertv.gob.pa\/nacionalfm\/wp-json\/wp\/v2\/media\/15842"}],"wp:attachment":[{"href":"https:\/\/sertv.gob.pa\/nacionalfm\/wp-json\/wp\/v2\/media?parent=15841"}],"wp:term":[{"taxonomy":"category","embeddable":true,"href":"https:\/\/sertv.gob.pa\/nacionalfm\/wp-json\/wp\/v2\/categories?post=15841"},{"taxonomy":"post_tag","embeddable":true,"href":"https:\/\/sertv.gob.pa\/nacionalfm\/wp-json\/wp\/v2\/tags?post=15841"}],"curies":[{"name":"wp","href":"https:\/\/api.w.org\/{rel}","templated":true}]}}