{"id":15845,"date":"2016-09-23T17:17:22","date_gmt":"2016-09-23T17:17:22","guid":{"rendered":""},"modified":"2016-09-23T17:17:22","modified_gmt":"2016-09-23T17:17:22","slug":"comibox-rinde-homenaje-a-moyo-icaza-en-sus-99-anos","status":"publish","type":"post","link":"https:\/\/sertv.gob.pa\/nacionalfm\/comibox-rinde-homenaje-a-moyo-icaza-en-sus-99-anos\/","title":{"rendered":"COMIBOX rinde homenaje a \u201cMoyo\u201d Icaza, en sus 99 a\u00f1os"},"content":{"rendered":"<p>\nEn la cena anual de la Comisi\u00f3n de Boxeo Profesional, que preside el arquitecto Jaime Salas, \u00a0en conmemoraci\u00f3n a sus 99 a\u00f1os de existencia, \u00a0le rindi\u00f3 homenaje recientemente al periodista, legislador, promotor y apoderado de boxeadores Armodio &ldquo;Moyo&rdquo; Icaza, al condecorarlo con la medalla al m\u00e9rito, doctor El\u00edas C\u00f3rdoba. <\/p>\n<p>En su discurso Armodio Icaza cuestion\u00f3 la cantidad de organismos box\u00edsticos existentes en la actualidad que seg\u00fan \u00e9l trae como consecuencia una gran cantidad de campeones mundiales, como vender\u00a0 telas &ldquo;a tres por un d\u00f3lar&rdquo;. <\/p>\n<p>Se mostr\u00f3 satisfecho de que sus pupilos Ernesto &ldquo;\u00d1ato&rdquo; Marcel, Jaime &ldquo;El Cieguito&rdquo; R\u00edos y Alfonso &ldquo;Piedrita&rdquo; L\u00f3pez, tienen sus casas propias ya pagas, no as\u00ed Alexis &ldquo;El Explosivo&rdquo; Arguelles, debido a que los Sandinistas se la expropiaron arbitrariamente, manifest\u00f3 &ldquo;Moyo&rdquo; Icaza. <\/p>\n<p>El homenajeado tambi\u00e9n lament\u00f3 que su otro pupilo Reynaldo &ldquo;Hormig\u00fcita&rdquo; Hidalgo, no recibiera la oportunidad de disputar un t\u00edtulo mundial por que \u00e9l ten\u00eda pasta de campe\u00f3n. <\/p>\n","protected":false},"excerpt":{"rendered":"<p>En la cena anual de la Comisi\u00f3n de Boxeo Profesional, <a href=\"https:\/\/sertv.gob.pa\/nacionalfm\/comibox-rinde-homenaje-a-moyo-icaza-en-sus-99-anos\/\"> [&#8230;]<\/a><\/p>\n","protected":false},"author":1,"featured_media":15846,"comment_status":"closed","ping_status":"closed","sticky":false,"template":"","format":"standard","meta":{"footnotes":""},"categories":[4],"tags":[],"class_list":["post-15845","post","type-post","status-publish","format-standard","has-post-thumbnail","hentry","category-deportes"],"_links":{"self":[{"href":"https:\/\/sertv.gob.pa\/nacionalfm\/wp-json\/wp\/v2\/posts\/15845","targetHints":{"allow":["GET"]}}],"collection":[{"href":"https:\/\/sertv.gob.pa\/nacionalfm\/wp-json\/wp\/v2\/posts"}],"about":[{"href":"https:\/\/sertv.gob.pa\/nacionalfm\/wp-json\/wp\/v2\/types\/post"}],"author":[{"embeddable":true,"href":"https:\/\/sertv.gob.pa\/nacionalfm\/wp-json\/wp\/v2\/users\/1"}],"replies":[{"embeddable":true,"href":"https:\/\/sertv.gob.pa\/nacionalfm\/wp-json\/wp\/v2\/comments?post=15845"}],"version-history":[{"count":0,"href":"https:\/\/sertv.gob.pa\/nacionalfm\/wp-json\/wp\/v2\/posts\/15845\/revisions"}],"wp:featuredmedia":[{"embeddable":true,"href":"https:\/\/sertv.gob.pa\/nacionalfm\/wp-json\/wp\/v2\/media\/15846"}],"wp:attachment":[{"href":"https:\/\/sertv.gob.pa\/nacionalfm\/wp-json\/wp\/v2\/media?parent=15845"}],"wp:term":[{"taxonomy":"category","embeddable":true,"href":"https:\/\/sertv.gob.pa\/nacionalfm\/wp-json\/wp\/v2\/categories?post=15845"},{"taxonomy":"post_tag","embeddable":true,"href":"https:\/\/sertv.gob.pa\/nacionalfm\/wp-json\/wp\/v2\/tags?post=15845"}],"curies":[{"name":"wp","href":"https:\/\/api.w.org\/{rel}","templated":true}]}}