{"id":15853,"date":"2016-09-23T18:49:55","date_gmt":"2016-09-23T18:49:55","guid":{"rendered":""},"modified":"2016-09-23T18:49:55","modified_gmt":"2016-09-23T18:49:55","slug":"alerta-por-brote-de-diarrea-en-colon","status":"publish","type":"post","link":"https:\/\/sertv.gob.pa\/nacionalfm\/alerta-por-brote-de-diarrea-en-colon\/","title":{"rendered":"Alerta por brote de diarrea en Col\u00f3n"},"content":{"rendered":"<p>\nEl incremento de los casos de diarrea tiene preocupadas a las autoridades del Ministerio de Salud (Minsa) en Col\u00f3n. Hasta la fecha se cuentan cinco mil 363 casos, en lo que va de 2016. <\/p>\n<p>Se ha registrado un aumento de mil casos, en comparaci\u00f3n al mismo periodo de 2015. <\/p>\n<p>Mayra N\u00e1valo, directora del Ministerio de Salud, advierte a la ciudadan\u00eda sobre los peligros de consumir alimentos en puestos ambulantes, que en muchas ocasiones no cumplen con las normas sanitarias. <\/p>\n<p>La mayor\u00eda de los casos se han presentado en mayores de 18 a\u00f1os, siendo la poblaci\u00f3n infantil la menos afectada, lo que lleva a concluir que esto obedece a mala alimentaci\u00f3n de los colonenses, manifest\u00f3. <\/p>\n<p>Zavier Wood, coordinador de corregidores y jueces nocturnos, explic\u00f3 que efectuaron un operativo conjunto con varias autoridades locales en el que visitaron 18 locales, entre puestos de comida y cevicher\u00eda, y hallaron anomal\u00edas como falta de carn\u00e9 de manipulador de alimentos, <\/p>\n<p>&lsquo;No manten\u00edan carn\u00e9 de fumigaci\u00f3n de los locales ni resoluciones para el expendio de licor, por lo que se procedi\u00f3 a citar a estas personas para corregir las faltas&#8217;, explic\u00f3 N\u00e1valo. <\/p>\n<p>Entre los corregimientos donde se han reportado m\u00e1s casos de diarrea est\u00e1n Barrio Norte, Barrio Sur y Sabanitas. <\/p>\n<p>\u00a0 <\/p>\n","protected":false},"excerpt":{"rendered":"<p>El incremento de los casos de diarrea tiene preocupadas a <a href=\"https:\/\/sertv.gob.pa\/nacionalfm\/alerta-por-brote-de-diarrea-en-colon\/\"> [&#8230;]<\/a><\/p>\n","protected":false},"author":1,"featured_media":15854,"comment_status":"closed","ping_status":"closed","sticky":false,"template":"","format":"standard","meta":{"footnotes":""},"categories":[5],"tags":[],"class_list":["post-15853","post","type-post","status-publish","format-standard","has-post-thumbnail","hentry","category-salud"],"_links":{"self":[{"href":"https:\/\/sertv.gob.pa\/nacionalfm\/wp-json\/wp\/v2\/posts\/15853","targetHints":{"allow":["GET"]}}],"collection":[{"href":"https:\/\/sertv.gob.pa\/nacionalfm\/wp-json\/wp\/v2\/posts"}],"about":[{"href":"https:\/\/sertv.gob.pa\/nacionalfm\/wp-json\/wp\/v2\/types\/post"}],"author":[{"embeddable":true,"href":"https:\/\/sertv.gob.pa\/nacionalfm\/wp-json\/wp\/v2\/users\/1"}],"replies":[{"embeddable":true,"href":"https:\/\/sertv.gob.pa\/nacionalfm\/wp-json\/wp\/v2\/comments?post=15853"}],"version-history":[{"count":0,"href":"https:\/\/sertv.gob.pa\/nacionalfm\/wp-json\/wp\/v2\/posts\/15853\/revisions"}],"wp:featuredmedia":[{"embeddable":true,"href":"https:\/\/sertv.gob.pa\/nacionalfm\/wp-json\/wp\/v2\/media\/15854"}],"wp:attachment":[{"href":"https:\/\/sertv.gob.pa\/nacionalfm\/wp-json\/wp\/v2\/media?parent=15853"}],"wp:term":[{"taxonomy":"category","embeddable":true,"href":"https:\/\/sertv.gob.pa\/nacionalfm\/wp-json\/wp\/v2\/categories?post=15853"},{"taxonomy":"post_tag","embeddable":true,"href":"https:\/\/sertv.gob.pa\/nacionalfm\/wp-json\/wp\/v2\/tags?post=15853"}],"curies":[{"name":"wp","href":"https:\/\/api.w.org\/{rel}","templated":true}]}}