{"id":15855,"date":"2016-09-23T19:09:14","date_gmt":"2016-09-23T19:09:14","guid":{"rendered":""},"modified":"2016-09-23T19:09:14","modified_gmt":"2016-09-23T19:09:14","slug":"calidad-de-vida-de-pacientes-con-cancer-mejora-con-practicar-yoga","status":"publish","type":"post","link":"https:\/\/sertv.gob.pa\/nacionalfm\/calidad-de-vida-de-pacientes-con-cancer-mejora-con-practicar-yoga\/","title":{"rendered":"Calidad de vida de pacientes con c\u00e1ncer mejora con practicar Yoga"},"content":{"rendered":"<p>\nUn estudio liderado por la doctora Neha Vapimala revela que practicar yoga regularmente ayuda a mantener le calidad de vida de pacientes con c\u00e1ncer en general, as\u00ed como la de quienes se hallan en tratamiento. <\/p>\n<p>Los ejercicios de yoga ayudan a estos pacientes a disminuir los niveles de presi\u00f3n arterial, reducen el estr\u00e9s, la ansiedad e incrementan las hormonas del bienestar, ayudando a bajar algunos de los s\u00edntomas m\u00e1s comunes que presentan los pacientes luego de tratamientos como la radioterapia, quimioterapia y otros, inform\u00f3. <\/p>\n<p>Se cree que entre un 60 y 90 por ciento de los pacientes que se encuentran en tratamiento de radiaci\u00f3n para el c\u00e1ncer de pr\u00f3stata pueden presentar s\u00edntomas molestos luego del tratamiento como fatiga, disfunci\u00f3n er\u00e9ctil o incontinencia urinaria. <\/p>\n<p>El ejercicio del yoga es una pr\u00e1ctica mental y f\u00edsica que combina varias posturas corporales, t\u00e9cnicas de respiraci\u00f3n, meditaci\u00f3n y relajaci\u00f3n, que de acuerdo con varios estudios, mejoran la calidad de vida en pacientes con diversas enfermedades y condiciones de salud como el c\u00e1ncer y la artritis. <\/p>\n<p>\u00a0 <\/p>\n","protected":false},"excerpt":{"rendered":"<p>Un estudio liderado por la doctora Neha Vapimala revela que <a href=\"https:\/\/sertv.gob.pa\/nacionalfm\/calidad-de-vida-de-pacientes-con-cancer-mejora-con-practicar-yoga\/\"> [&#8230;]<\/a><\/p>\n","protected":false},"author":1,"featured_media":15856,"comment_status":"closed","ping_status":"closed","sticky":false,"template":"","format":"standard","meta":{"footnotes":""},"categories":[5],"tags":[],"class_list":["post-15855","post","type-post","status-publish","format-standard","has-post-thumbnail","hentry","category-salud"],"_links":{"self":[{"href":"https:\/\/sertv.gob.pa\/nacionalfm\/wp-json\/wp\/v2\/posts\/15855","targetHints":{"allow":["GET"]}}],"collection":[{"href":"https:\/\/sertv.gob.pa\/nacionalfm\/wp-json\/wp\/v2\/posts"}],"about":[{"href":"https:\/\/sertv.gob.pa\/nacionalfm\/wp-json\/wp\/v2\/types\/post"}],"author":[{"embeddable":true,"href":"https:\/\/sertv.gob.pa\/nacionalfm\/wp-json\/wp\/v2\/users\/1"}],"replies":[{"embeddable":true,"href":"https:\/\/sertv.gob.pa\/nacionalfm\/wp-json\/wp\/v2\/comments?post=15855"}],"version-history":[{"count":0,"href":"https:\/\/sertv.gob.pa\/nacionalfm\/wp-json\/wp\/v2\/posts\/15855\/revisions"}],"wp:featuredmedia":[{"embeddable":true,"href":"https:\/\/sertv.gob.pa\/nacionalfm\/wp-json\/wp\/v2\/media\/15856"}],"wp:attachment":[{"href":"https:\/\/sertv.gob.pa\/nacionalfm\/wp-json\/wp\/v2\/media?parent=15855"}],"wp:term":[{"taxonomy":"category","embeddable":true,"href":"https:\/\/sertv.gob.pa\/nacionalfm\/wp-json\/wp\/v2\/categories?post=15855"},{"taxonomy":"post_tag","embeddable":true,"href":"https:\/\/sertv.gob.pa\/nacionalfm\/wp-json\/wp\/v2\/tags?post=15855"}],"curies":[{"name":"wp","href":"https:\/\/api.w.org\/{rel}","templated":true}]}}