{"id":15879,"date":"2016-09-26T19:14:44","date_gmt":"2016-09-26T19:14:44","guid":{"rendered":""},"modified":"2016-09-26T19:14:44","modified_gmt":"2016-09-26T19:14:44","slug":"370-casos-del-virus-zika-son-reportados-en-panama","status":"publish","type":"post","link":"https:\/\/sertv.gob.pa\/nacionalfm\/370-casos-del-virus-zika-son-reportados-en-panama\/","title":{"rendered":"370 casos del virus zika son reportados en Panam\u00e1"},"content":{"rendered":"<p>\nUn total de 370 casos de  zika \u00a0se han confirmado en el pa\u00eds desde que se report\u00f3 el brote en diciembre de 2015 en la comarca Guna Yala, indica un informe de Epidemiolog\u00eda del  Ministerio de Salud (Minsa) . <\/p>\n<p>El doctor  N\u00e9stor Sosa , director del Instituto Conmemorativo Gorgas de Estudios de la Salud, manifest\u00f3 que por semana est\u00e1n confirmados cerca de 10 casos.\u00a0 <\/p>\n<p>Las autoridades reiteran a la poblaci\u00f3n el llamado a eliminar los criaderos del mosquito  Aedes aegypti . <\/p>\n<p>El virus identificado por primera vez durante un estudio sobre la transmisi\u00f3n de la fiebre amarilla realizado en 1947 en los bosques de Zika, Uganda, toma fuerza en Panam\u00e1. <\/p>\n<p>El informe del Minsa detalla que hasta el 29 de agosto se hab\u00edan registrado 322 casos de zika, es decir, que en 14 d\u00edas, se sumaron a la cifra 48 personas. <\/p>\n<p>\u00a0 <\/p>\n","protected":false},"excerpt":{"rendered":"<p>Un total de 370 casos de zika \u00a0se han confirmado <a href=\"https:\/\/sertv.gob.pa\/nacionalfm\/370-casos-del-virus-zika-son-reportados-en-panama\/\"> [&#8230;]<\/a><\/p>\n","protected":false},"author":1,"featured_media":15880,"comment_status":"closed","ping_status":"closed","sticky":false,"template":"","format":"standard","meta":{"footnotes":""},"categories":[5],"tags":[],"class_list":["post-15879","post","type-post","status-publish","format-standard","has-post-thumbnail","hentry","category-salud"],"_links":{"self":[{"href":"https:\/\/sertv.gob.pa\/nacionalfm\/wp-json\/wp\/v2\/posts\/15879","targetHints":{"allow":["GET"]}}],"collection":[{"href":"https:\/\/sertv.gob.pa\/nacionalfm\/wp-json\/wp\/v2\/posts"}],"about":[{"href":"https:\/\/sertv.gob.pa\/nacionalfm\/wp-json\/wp\/v2\/types\/post"}],"author":[{"embeddable":true,"href":"https:\/\/sertv.gob.pa\/nacionalfm\/wp-json\/wp\/v2\/users\/1"}],"replies":[{"embeddable":true,"href":"https:\/\/sertv.gob.pa\/nacionalfm\/wp-json\/wp\/v2\/comments?post=15879"}],"version-history":[{"count":0,"href":"https:\/\/sertv.gob.pa\/nacionalfm\/wp-json\/wp\/v2\/posts\/15879\/revisions"}],"wp:featuredmedia":[{"embeddable":true,"href":"https:\/\/sertv.gob.pa\/nacionalfm\/wp-json\/wp\/v2\/media\/15880"}],"wp:attachment":[{"href":"https:\/\/sertv.gob.pa\/nacionalfm\/wp-json\/wp\/v2\/media?parent=15879"}],"wp:term":[{"taxonomy":"category","embeddable":true,"href":"https:\/\/sertv.gob.pa\/nacionalfm\/wp-json\/wp\/v2\/categories?post=15879"},{"taxonomy":"post_tag","embeddable":true,"href":"https:\/\/sertv.gob.pa\/nacionalfm\/wp-json\/wp\/v2\/tags?post=15879"}],"curies":[{"name":"wp","href":"https:\/\/api.w.org\/{rel}","templated":true}]}}